{"id":55285,"date":"2015-12-14T13:59:29","date_gmt":"2015-12-14T11:59:29","guid":{"rendered":"http:\/\/www.sana.sy\/tr\/?p=55285"},"modified":"2015-12-14T13:59:29","modified_gmt":"2015-12-14T11:59:29","slug":"ankaraya-yaptirim-karari-mumkundur","status":"publish","type":"post","link":"https:\/\/archive.sana.sy\/tr\/?p=55285","title":{"rendered":"Ankara\u2019ya Yapt\u0131r\u0131m Karar\u0131 M\u00fcmk\u00fcnd\u00fcr"},"content":{"rendered":"<p>NEW YORK \u2013 Rusya&#8217;n\u0131n BM\u2019deki daimi temsilcisi Vitaly Churkin Washington ve Ankra\u2019n\u0131n, I\u015e\u0130D ter\u00f6r \u00f6rg\u00fct\u00fcn\u00fcn Suriye ve Irak\u2019tan T\u00fcrkiye&#8217;ye petrol ka\u00e7\u0131rd\u0131\u011f\u0131 konusunda G\u00fcvenlik Konseyine bilgi vermedi\u011fini belirtti.<\/p>\n<p>Rus Novosti Ajans\u0131n\u0131n bug\u00fcn aktard\u0131\u011f\u0131 a\u00e7\u0131klamalar\u0131nda Churkin; Ankara ve Washington\u2019un, I\u015e\u0130D\u2019in petrol ka\u00e7\u0131rd\u0131\u011f\u0131n\u0131 G\u00fcvenlik Konseyine bildirmeleri gerekti\u011fini ifade ederken Rusya&#8217;n\u0131n bu konuda G\u00fcvenlik Konseyinden Ankara\u2019ya yapt\u0131r\u0131mlar\u0131n uygulanmas\u0131 karar\u0131 \u00e7\u0131karabilece\u011fini a\u00e7\u0131klad\u0131.<\/p>\n<p>Churkin ABD ve komutas\u0131ndaki koalisyonun bir y\u0131ldan fazla bir s\u00fcredir I\u015e\u0130D\u2019e kar\u015f\u0131 s\u00f6zde hava operasyonlar\u0131 bulunmas\u0131na ra\u011fmen b\u00fcy\u00fck mebla\u011flarda finans elde etti\u011fi petrol ka\u00e7ak\u00e7\u0131l\u0131\u011f\u0131na ili\u015fkin hi\u00e7bir bilgi takdim etmedi\u011fine dikkat \u00e7ekti. G\u00fcvenlik Konseyinin ge\u00e7en \u015eubat ay\u0131nda yedinci bent alt\u0131nda onaylad\u0131\u011f\u0131 2199 say\u0131l\u0131 karar\u0131n I\u015e\u0130D\u2019e finans sa\u011flamada yard\u0131m etmeyi yasaklad\u0131\u011f\u0131n\u0131 ve bu konuda bilgi elde eden devletlerin G\u00fcvenlik Konseyine bildirmelerini \u00f6n g\u00f6rd\u00fc\u011f\u00fcne dikkat \u00e7eken Churkin; T\u00fcrkiye&#8217;nin Suriye&#8217;den yasa d\u0131\u015f\u0131 her t\u00fcrl\u00fc ticareti bildirmesi gerekti\u011finin alt\u0131n\u0131 \u00e7izdi.<\/p>\n<p>Churkin teorik olarak Rusya&#8217;n\u0131n G\u00fcvenlik Konseyinde Ankara\u2019ya kar\u015f\u0131 yapt\u0131r\u0131mlar karar\u0131 almas\u0131n\u0131n m\u00fcmk\u00fcn oldu\u011funu, fakat bu konuda ter\u00f6re kar\u015f\u0131 sava\u015ft\u0131\u011f\u0131n\u0131 iddia eden NATO\u2019nun ne yapaca\u011f\u0131n\u0131n tahmin edilece\u011fine i\u015faret etti.<\/p>\n","protected":false},"excerpt":{"rendered":"<p>NEW YORK \u2013 Rusya&#8217;n\u0131n BM\u2019deki daimi temsilcisi Vitaly Churkin Washington ve Ankra\u2019n\u0131n, I\u015e\u0130D ter\u00f6r \u00f6rg\u00fct\u00fcn\u00fcn Suriye ve Irak\u2019tan T\u00fcrkiye&#8217;ye petrol ka\u00e7\u0131rd\u0131\u011f\u0131 konusunda G\u00fcvenlik Konseyine bilgi vermedi\u011fini belirtti. Rus Novosti Ajans\u0131n\u0131n bug\u00fcn aktard\u0131\u011f\u0131 a\u00e7\u0131klamalar\u0131nda Churkin; Ankara ve Washington\u2019un, I\u015e\u0130D\u2019in petrol ka\u00e7\u0131rd\u0131\u011f\u0131n\u0131 G\u00fcvenlik Konseyine bildirmeleri gerekti\u011fini ifade ederken Rusya&#8217;n\u0131n bu konuda G\u00fcvenlik Konseyinden Ankara\u2019ya yapt\u0131r\u0131mlar\u0131n uygulanmas\u0131 karar\u0131 &hellip;<\/p>\n","protected":false},"author":1,"featured_media":55290,"comment_status":"closed","ping_status":"closed","sticky":false,"template":"","format":"standard","meta":{"footnotes":""},"categories":[17988,2554,2555],"tags":[16171],"class_list":["post-55285","post","type-post","status-publish","format-standard","has-post-thumbnail","","category-son-haberler","category-suriye-ve-dunya","category-suriye-ve-turkiye","tag-rusyanin-bmdeki-daimi-temsilcisi-vitaly-churkin"],"_links":{"self":[{"href":"https:\/\/archive.sana.sy\/tr\/index.php?rest_route=\/wp\/v2\/posts\/55285","targetHints":{"allow":["GET"]}}],"collection":[{"href":"https:\/\/archive.sana.sy\/tr\/index.php?rest_route=\/wp\/v2\/posts"}],"about":[{"href":"https:\/\/archive.sana.sy\/tr\/index.php?rest_route=\/wp\/v2\/types\/post"}],"author":[{"embeddable":true,"href":"https:\/\/archive.sana.sy\/tr\/index.php?rest_route=\/wp\/v2\/users\/1"}],"replies":[{"embeddable":true,"href":"https:\/\/archive.sana.sy\/tr\/index.php?rest_route=%2Fwp%2Fv2%2Fcomments&post=55285"}],"version-history":[{"count":0,"href":"https:\/\/archive.sana.sy\/tr\/index.php?rest_route=\/wp\/v2\/posts\/55285\/revisions"}],"wp:featuredmedia":[{"embeddable":true,"href":"https:\/\/archive.sana.sy\/tr\/index.php?rest_route=\/wp\/v2\/media\/55290"}],"wp:attachment":[{"href":"https:\/\/archive.sana.sy\/tr\/index.php?rest_route=%2Fwp%2Fv2%2Fmedia&parent=55285"}],"wp:term":[{"taxonomy":"category","embeddable":true,"href":"https:\/\/archive.sana.sy\/tr\/index.php?rest_route=%2Fwp%2Fv2%2Fcategories&post=55285"},{"taxonomy":"post_tag","embeddable":true,"href":"https:\/\/archive.sana.sy\/tr\/index.php?rest_route=%2Fwp%2Fv2%2Ftags&post=55285"}],"curies":[{"name":"wp","href":"https:\/\/api.w.org\/{rel}","templated":true}]}}