{"id":55286,"date":"2015-12-14T09:41:00","date_gmt":"2015-12-14T07:41:00","guid":{"rendered":"http:\/\/www.sana.sy\/tr\/?p=55286"},"modified":"2015-12-14T14:02:13","modified_gmt":"2015-12-14T12:02:13","slug":"askeri-kaynak-sanaya-aciklamasinda-ordu-birliklerimizin-hama-kirsalinin-buvayda-masasina-zellin-mahruka-zour-ve-zellakiyat-bolgelerinde-teror-cetelerinin-askeri-mevkilere-saldiri-girisiml","status":"publish","type":"post","link":"https:\/\/archive.sana.sy\/tr\/?p=55286","title":{"rendered":"Askeri kaynak SANA\u2019ya a\u00e7\u0131klamas\u0131nda ordu birliklerimizin Hama k\u0131rsal\u0131n\u0131n Buvayda, Masasina, Zellin, Mahruka, Zour ve Zellakiyat b\u00f6lgelerinde ter\u00f6r \u00e7etelerinin askeri mevkilere sald\u0131r\u0131 giri\u015fimlerini \u00e7\u00f6kerttiklerini belirtti."},"content":{"rendered":"<p>Askeri kaynak SANA\u2019ya a\u00e7\u0131klamas\u0131nda ordu birliklerimizin Hama k\u0131rsal\u0131n\u0131n Buvayda, Masasina, Zellin, Mahruka, Zour ve Zellakiyat b\u00f6lgelerinde ter\u00f6r \u00e7etelerinin askeri mevkilere sald\u0131r\u0131 giri\u015fimlerini \u00e7\u00f6kerttiklerini belirtti.<\/p>\n","protected":false},"excerpt":{"rendered":"<p>Askeri kaynak SANA\u2019ya a\u00e7\u0131klamas\u0131nda ordu birliklerimizin Hama k\u0131rsal\u0131n\u0131n Buvayda, Masasina, Zellin, Mahruka, Zour ve Zellakiyat b\u00f6lgelerinde ter\u00f6r \u00e7etelerinin askeri mevkilere sald\u0131r\u0131 giri\u015fimlerini \u00e7\u00f6kerttiklerini belirtti.<\/p>\n","protected":false},"author":1,"featured_media":0,"comment_status":"closed","ping_status":"closed","sticky":false,"template":"","format":"standard","meta":{"footnotes":""},"categories":[17991],"tags":[],"class_list":["post-55286","post","type-post","status-publish","format-standard","","category-son-dakika"],"_links":{"self":[{"href":"https:\/\/archive.sana.sy\/tr\/index.php?rest_route=\/wp\/v2\/posts\/55286","targetHints":{"allow":["GET"]}}],"collection":[{"href":"https:\/\/archive.sana.sy\/tr\/index.php?rest_route=\/wp\/v2\/posts"}],"about":[{"href":"https:\/\/archive.sana.sy\/tr\/index.php?rest_route=\/wp\/v2\/types\/post"}],"author":[{"embeddable":true,"href":"https:\/\/archive.sana.sy\/tr\/index.php?rest_route=\/wp\/v2\/users\/1"}],"replies":[{"embeddable":true,"href":"https:\/\/archive.sana.sy\/tr\/index.php?rest_route=%2Fwp%2Fv2%2Fcomments&post=55286"}],"version-history":[{"count":0,"href":"https:\/\/archive.sana.sy\/tr\/index.php?rest_route=\/wp\/v2\/posts\/55286\/revisions"}],"wp:attachment":[{"href":"https:\/\/archive.sana.sy\/tr\/index.php?rest_route=%2Fwp%2Fv2%2Fmedia&parent=55286"}],"wp:term":[{"taxonomy":"category","embeddable":true,"href":"https:\/\/archive.sana.sy\/tr\/index.php?rest_route=%2Fwp%2Fv2%2Fcategories&post=55286"},{"taxonomy":"post_tag","embeddable":true,"href":"https:\/\/archive.sana.sy\/tr\/index.php?rest_route=%2Fwp%2Fv2%2Ftags&post=55286"}],"curies":[{"name":"wp","href":"https:\/\/api.w.org\/{rel}","templated":true}]}}