{"id":55289,"date":"2015-12-14T14:45:45","date_gmt":"2015-12-14T12:45:45","guid":{"rendered":"http:\/\/www.sana.sy\/tr\/?p=55289"},"modified":"2015-12-14T14:45:45","modified_gmt":"2015-12-14T12:45:45","slug":"rusya-turkiye-zirvesi-olmayacak","status":"publish","type":"post","link":"https:\/\/archive.sana.sy\/tr\/?p=55289","title":{"rendered":"Rusya T\u00fcrkiye Zirvesi Olmayacak"},"content":{"rendered":"<p>MOSKOVA \u2013 Rusya Ba\u015fkanl\u0131k Saray\u0131 Kremlinin resmi s\u00f6zc\u00fcs\u00fc Dimtry Peskov yar\u0131n St Petersburg Kentinde d\u00fczenlenmesi beklenen Rusya T\u00fcrkiye zirvesinin ilga edildi\u011fini ilan etti.<\/p>\n<p>Peskov bug\u00fcn bas\u0131na yapt\u0131\u011f\u0131 ve RT web sitesinin aktard\u0131\u011f\u0131 a\u00e7\u0131klamalarda Rusya Federasyonu Ba\u015fkan\u0131 Vladimir Putin ile T\u00fcrkiye&#8217;de rejim ba\u015fkan\u0131 Recep Tayip Erdo\u011fan aras\u0131nda yap\u0131lmas\u0131 beklenen zirvenin olmayaca\u011f\u0131n\u0131, olmas\u0131 i\u00e7in de herhangi bir plan yap\u0131lmad\u0131\u011f\u0131n\u0131 ifade etti.<\/p>\n<p>Ge\u00e7en Kas\u0131m ay\u0131n\u0131n 15\u2019inde T\u00fcrkiye\u2019nin Antalya Kentinde d\u00fczenlenen G-20 Zirvesi \u00e7er\u00e7evesinde kararla\u015ft\u0131r\u0131lan zirvenin iptal edilmesine ilaveten T\u00fcrkiye&#8217;de rejim g\u00fc\u00e7lerinin Suriye&#8217;de ter\u00f6re kar\u015f\u0131 sava\u015fan Rus sava\u015f u\u00e7a\u011f\u0131n\u0131 Lazkiye k\u0131rsal\u0131nda Suriye hava sahas\u0131nda d\u00fc\u015f\u00fcrmesi ard\u0131ndan Rusya D\u0131\u015fi\u015fleri Bakan\u0131 Sergey Lavrov da Ankara\u2019ya planlanan ziyaretini iptal etmi\u015fti.<\/p>\n","protected":false},"excerpt":{"rendered":"<p>MOSKOVA \u2013 Rusya Ba\u015fkanl\u0131k Saray\u0131 Kremlinin resmi s\u00f6zc\u00fcs\u00fc Dimtry Peskov yar\u0131n St Petersburg Kentinde d\u00fczenlenmesi beklenen Rusya T\u00fcrkiye zirvesinin ilga edildi\u011fini ilan etti. Peskov bug\u00fcn bas\u0131na yapt\u0131\u011f\u0131 ve RT web sitesinin aktard\u0131\u011f\u0131 a\u00e7\u0131klamalarda Rusya Federasyonu Ba\u015fkan\u0131 Vladimir Putin ile T\u00fcrkiye&#8217;de rejim ba\u015fkan\u0131 Recep Tayip Erdo\u011fan aras\u0131nda yap\u0131lmas\u0131 beklenen zirvenin olmayaca\u011f\u0131n\u0131, olmas\u0131 i\u00e7in de herhangi bir &hellip;<\/p>\n","protected":false},"author":1,"featured_media":55305,"comment_status":"closed","ping_status":"closed","sticky":false,"template":"","format":"standard","meta":{"footnotes":""},"categories":[458,459,17988],"tags":[18087],"class_list":["post-55289","post","type-post","status-publish","format-standard","has-post-thumbnail","","category-dunya1","category-haberler-arap-uluslararasi-politika","category-son-haberler","tag-rusya-baskanlik-sarayi-kremlinin-resmi-sozcusu-dimtry-peskov"],"_links":{"self":[{"href":"https:\/\/archive.sana.sy\/tr\/index.php?rest_route=\/wp\/v2\/posts\/55289","targetHints":{"allow":["GET"]}}],"collection":[{"href":"https:\/\/archive.sana.sy\/tr\/index.php?rest_route=\/wp\/v2\/posts"}],"about":[{"href":"https:\/\/archive.sana.sy\/tr\/index.php?rest_route=\/wp\/v2\/types\/post"}],"author":[{"embeddable":true,"href":"https:\/\/archive.sana.sy\/tr\/index.php?rest_route=\/wp\/v2\/users\/1"}],"replies":[{"embeddable":true,"href":"https:\/\/archive.sana.sy\/tr\/index.php?rest_route=%2Fwp%2Fv2%2Fcomments&post=55289"}],"version-history":[{"count":0,"href":"https:\/\/archive.sana.sy\/tr\/index.php?rest_route=\/wp\/v2\/posts\/55289\/revisions"}],"wp:featuredmedia":[{"embeddable":true,"href":"https:\/\/archive.sana.sy\/tr\/index.php?rest_route=\/wp\/v2\/media\/55305"}],"wp:attachment":[{"href":"https:\/\/archive.sana.sy\/tr\/index.php?rest_route=%2Fwp%2Fv2%2Fmedia&parent=55289"}],"wp:term":[{"taxonomy":"category","embeddable":true,"href":"https:\/\/archive.sana.sy\/tr\/index.php?rest_route=%2Fwp%2Fv2%2Fcategories&post=55289"},{"taxonomy":"post_tag","embeddable":true,"href":"https:\/\/archive.sana.sy\/tr\/index.php?rest_route=%2Fwp%2Fv2%2Ftags&post=55289"}],"curies":[{"name":"wp","href":"https:\/\/api.w.org\/{rel}","templated":true}]}}