{"id":55297,"date":"2015-12-14T10:20:22","date_gmt":"2015-12-14T08:20:22","guid":{"rendered":"http:\/\/www.sana.sy\/tr\/?p=55297"},"modified":"2015-12-14T14:10:06","modified_gmt":"2015-12-14T12:10:06","slug":"rusya-disisleri-bakani-sergey-lavrov-suriyedeki-krizin-cozumu-konusunda-uluslar-arasi-duzeyde-olumlu-dinamik-bir-hareketin-oldugunu-soyledi","status":"publish","type":"post","link":"https:\/\/archive.sana.sy\/tr\/?p=55297","title":{"rendered":"Rusya D\u0131\u015fi\u015fleri bakan\u0131 Sergey Lavrov; Suriye&#8217;deki krizin \u00e7\u00f6z\u00fcm\u00fc konusunda uluslar aras\u0131 d\u00fczeyde olumlu dinamik bir hareketin oldu\u011funu s\u00f6yledi."},"content":{"rendered":"<p>Rusya D\u0131\u015fi\u015fleri bakan\u0131 Sergey Lavrov; Suriye&#8217;deki krizin \u00e7\u00f6z\u00fcm\u00fc konusunda uluslar aras\u0131 d\u00fczeyde olumlu dinamik bir hareketin oldu\u011funu s\u00f6yledi.<\/p>\n","protected":false},"excerpt":{"rendered":"<p>Rusya D\u0131\u015fi\u015fleri bakan\u0131 Sergey Lavrov; Suriye&#8217;deki krizin \u00e7\u00f6z\u00fcm\u00fc konusunda uluslar aras\u0131 d\u00fczeyde olumlu dinamik bir hareketin oldu\u011funu s\u00f6yledi.<\/p>\n","protected":false},"author":1,"featured_media":0,"comment_status":"closed","ping_status":"closed","sticky":false,"template":"","format":"standard","meta":{"footnotes":""},"categories":[17991],"tags":[],"class_list":["post-55297","post","type-post","status-publish","format-standard","","category-son-dakika"],"_links":{"self":[{"href":"https:\/\/archive.sana.sy\/tr\/index.php?rest_route=\/wp\/v2\/posts\/55297","targetHints":{"allow":["GET"]}}],"collection":[{"href":"https:\/\/archive.sana.sy\/tr\/index.php?rest_route=\/wp\/v2\/posts"}],"about":[{"href":"https:\/\/archive.sana.sy\/tr\/index.php?rest_route=\/wp\/v2\/types\/post"}],"author":[{"embeddable":true,"href":"https:\/\/archive.sana.sy\/tr\/index.php?rest_route=\/wp\/v2\/users\/1"}],"replies":[{"embeddable":true,"href":"https:\/\/archive.sana.sy\/tr\/index.php?rest_route=%2Fwp%2Fv2%2Fcomments&post=55297"}],"version-history":[{"count":0,"href":"https:\/\/archive.sana.sy\/tr\/index.php?rest_route=\/wp\/v2\/posts\/55297\/revisions"}],"wp:attachment":[{"href":"https:\/\/archive.sana.sy\/tr\/index.php?rest_route=%2Fwp%2Fv2%2Fmedia&parent=55297"}],"wp:term":[{"taxonomy":"category","embeddable":true,"href":"https:\/\/archive.sana.sy\/tr\/index.php?rest_route=%2Fwp%2Fv2%2Fcategories&post=55297"},{"taxonomy":"post_tag","embeddable":true,"href":"https:\/\/archive.sana.sy\/tr\/index.php?rest_route=%2Fwp%2Fv2%2Ftags&post=55297"}],"curies":[{"name":"wp","href":"https:\/\/api.w.org\/{rel}","templated":true}]}}