{"id":55299,"date":"2015-12-14T08:09:43","date_gmt":"2015-12-14T06:09:43","guid":{"rendered":"http:\/\/www.sana.sy\/tr\/?p=55299"},"modified":"2015-12-14T14:36:58","modified_gmt":"2015-12-14T12:36:58","slug":"turkiye-rejimi-guclerini-cekiyor","status":"publish","type":"post","link":"https:\/\/archive.sana.sy\/tr\/?p=55299","title":{"rendered":"T\u00fcrkiye Rejimi G\u00fc\u00e7lerini \u00c7ekiyor"},"content":{"rendered":"<p>BA\u011eDAT \u2013 T\u00fcrkiye rejimi Irak topraklar\u0131 ve egemenli\u011fini ihlal eden g\u00fc\u00e7lerini bug\u00fcn sabah saatlerinde Musul Kenti civar\u0131ndan T\u00fcrkiye y\u00f6n\u00fcnde \u00e7ekmeye ba\u015flad\u0131.<\/p>\n<p>Irak resmi haber ajans\u0131 Nenova Vali yard\u0131mc\u0131s\u0131 Salim Muhammet\u2019ten naklen T\u00fcrkiye g\u00fc\u00e7lerinin Ba\u015fika Nahiyesindeki Zelkan Kamp\u0131ndan T\u00fcrkiye y\u00f6n\u00fcnde \u00e7ekilmeye ba\u015flad\u0131klar\u0131n\u0131 aktard\u0131. Muhammet say\u0131lar\u0131 yakla\u015f\u0131k 20 ila 50 aras\u0131nda olan T\u00fcrk e\u011fitmenlerin Irak h\u00fck\u00fcmeti ile anla\u015fma kapsam\u0131nda kampta kald\u0131klar\u0131n\u0131 a\u00e7\u0131klad\u0131.<\/p>\n","protected":false},"excerpt":{"rendered":"<p>BA\u011eDAT \u2013 T\u00fcrkiye rejimi Irak topraklar\u0131 ve egemenli\u011fini ihlal eden g\u00fc\u00e7lerini bug\u00fcn sabah saatlerinde Musul Kenti civar\u0131ndan T\u00fcrkiye y\u00f6n\u00fcnde \u00e7ekmeye ba\u015flad\u0131. Irak resmi haber ajans\u0131 Nenova Vali yard\u0131mc\u0131s\u0131 Salim Muhammet\u2019ten naklen T\u00fcrkiye g\u00fc\u00e7lerinin Ba\u015fika Nahiyesindeki Zelkan Kamp\u0131ndan T\u00fcrkiye y\u00f6n\u00fcnde \u00e7ekilmeye ba\u015flad\u0131klar\u0131n\u0131 aktard\u0131. Muhammet say\u0131lar\u0131 yakla\u015f\u0131k 20 ila 50 aras\u0131nda olan T\u00fcrk e\u011fitmenlerin Irak h\u00fck\u00fcmeti ile &hellip;<\/p>\n","protected":false},"author":1,"featured_media":55302,"comment_status":"closed","ping_status":"closed","sticky":false,"template":"","format":"standard","meta":{"footnotes":""},"categories":[458,459,17988],"tags":[],"class_list":["post-55299","post","type-post","status-publish","format-standard","has-post-thumbnail","","category-dunya1","category-haberler-arap-uluslararasi-politika","category-son-haberler"],"_links":{"self":[{"href":"https:\/\/archive.sana.sy\/tr\/index.php?rest_route=\/wp\/v2\/posts\/55299","targetHints":{"allow":["GET"]}}],"collection":[{"href":"https:\/\/archive.sana.sy\/tr\/index.php?rest_route=\/wp\/v2\/posts"}],"about":[{"href":"https:\/\/archive.sana.sy\/tr\/index.php?rest_route=\/wp\/v2\/types\/post"}],"author":[{"embeddable":true,"href":"https:\/\/archive.sana.sy\/tr\/index.php?rest_route=\/wp\/v2\/users\/1"}],"replies":[{"embeddable":true,"href":"https:\/\/archive.sana.sy\/tr\/index.php?rest_route=%2Fwp%2Fv2%2Fcomments&post=55299"}],"version-history":[{"count":0,"href":"https:\/\/archive.sana.sy\/tr\/index.php?rest_route=\/wp\/v2\/posts\/55299\/revisions"}],"wp:featuredmedia":[{"embeddable":true,"href":"https:\/\/archive.sana.sy\/tr\/index.php?rest_route=\/wp\/v2\/media\/55302"}],"wp:attachment":[{"href":"https:\/\/archive.sana.sy\/tr\/index.php?rest_route=%2Fwp%2Fv2%2Fmedia&parent=55299"}],"wp:term":[{"taxonomy":"category","embeddable":true,"href":"https:\/\/archive.sana.sy\/tr\/index.php?rest_route=%2Fwp%2Fv2%2Fcategories&post=55299"},{"taxonomy":"post_tag","embeddable":true,"href":"https:\/\/archive.sana.sy\/tr\/index.php?rest_route=%2Fwp%2Fv2%2Ftags&post=55299"}],"curies":[{"name":"wp","href":"https:\/\/api.w.org\/{rel}","templated":true}]}}