{"id":55301,"date":"2015-12-14T12:34:59","date_gmt":"2015-12-14T10:34:59","guid":{"rendered":"http:\/\/www.sana.sy\/tr\/?p=55301"},"modified":"2015-12-14T15:05:50","modified_gmt":"2015-12-14T13:05:50","slug":"askeri-kaynak-sanaya-aciklamasinda-ordu-birliklerimizin-suveyda-kirsalinin-batisi-vakim-ile-dama-koyleri-arasinda-teroristlere-ait-agir-silahlarla-donatilmis-arac-konvoyunu-tasidigi-terorist","status":"publish","type":"post","link":"https:\/\/archive.sana.sy\/tr\/?p=55301","title":{"rendered":"Askeri kaynak SANA\u2019ya a\u00e7\u0131klamas\u0131nda ordu birliklerimizin S\u00fcveyda k\u0131rsal\u0131n\u0131n bat\u0131s\u0131 Vak\u0131m ile Dama k\u00f6yleri aras\u0131nda ter\u00f6ristlere ait a\u011f\u0131r silahlarla donat\u0131lm\u0131\u015f ara\u00e7 konvoyunu ta\u015f\u0131d\u0131\u011f\u0131 ter\u00f6rist ve cephaneyle birlikte tamamen imha ettiklerini belirtti."},"content":{"rendered":"<p>Askeri kaynak SANA\u2019ya a\u00e7\u0131klamas\u0131nda ordu birliklerimizin S\u00fcveyda k\u0131rsal\u0131n\u0131n bat\u0131s\u0131 Vak\u0131m ile Dama k\u00f6yleri aras\u0131nda ter\u00f6ristlere ait a\u011f\u0131r silahlarla donat\u0131lm\u0131\u015f ara\u00e7 konvoyunu ta\u015f\u0131d\u0131\u011f\u0131 ter\u00f6rist ve cephaneyle birlikte tamamen imha ettiklerini belirtti.<\/p>\n","protected":false},"excerpt":{"rendered":"<p>Askeri kaynak SANA\u2019ya a\u00e7\u0131klamas\u0131nda ordu birliklerimizin S\u00fcveyda k\u0131rsal\u0131n\u0131n bat\u0131s\u0131 Vak\u0131m ile Dama k\u00f6yleri aras\u0131nda ter\u00f6ristlere ait a\u011f\u0131r silahlarla donat\u0131lm\u0131\u015f ara\u00e7 konvoyunu ta\u015f\u0131d\u0131\u011f\u0131 ter\u00f6rist ve cephaneyle birlikte tamamen imha ettiklerini belirtti.<\/p>\n","protected":false},"author":1,"featured_media":0,"comment_status":"closed","ping_status":"closed","sticky":false,"template":"","format":"standard","meta":{"footnotes":""},"categories":[17991],"tags":[],"class_list":["post-55301","post","type-post","status-publish","format-standard","","category-son-dakika"],"_links":{"self":[{"href":"https:\/\/archive.sana.sy\/tr\/index.php?rest_route=\/wp\/v2\/posts\/55301","targetHints":{"allow":["GET"]}}],"collection":[{"href":"https:\/\/archive.sana.sy\/tr\/index.php?rest_route=\/wp\/v2\/posts"}],"about":[{"href":"https:\/\/archive.sana.sy\/tr\/index.php?rest_route=\/wp\/v2\/types\/post"}],"author":[{"embeddable":true,"href":"https:\/\/archive.sana.sy\/tr\/index.php?rest_route=\/wp\/v2\/users\/1"}],"replies":[{"embeddable":true,"href":"https:\/\/archive.sana.sy\/tr\/index.php?rest_route=%2Fwp%2Fv2%2Fcomments&post=55301"}],"version-history":[{"count":0,"href":"https:\/\/archive.sana.sy\/tr\/index.php?rest_route=\/wp\/v2\/posts\/55301\/revisions"}],"wp:attachment":[{"href":"https:\/\/archive.sana.sy\/tr\/index.php?rest_route=%2Fwp%2Fv2%2Fmedia&parent=55301"}],"wp:term":[{"taxonomy":"category","embeddable":true,"href":"https:\/\/archive.sana.sy\/tr\/index.php?rest_route=%2Fwp%2Fv2%2Fcategories&post=55301"},{"taxonomy":"post_tag","embeddable":true,"href":"https:\/\/archive.sana.sy\/tr\/index.php?rest_route=%2Fwp%2Fv2%2Ftags&post=55301"}],"curies":[{"name":"wp","href":"https:\/\/api.w.org\/{rel}","templated":true}]}}