{"id":55308,"date":"2015-12-14T15:03:09","date_gmt":"2015-12-14T13:03:09","guid":{"rendered":"http:\/\/www.sana.sy\/tr\/?p=55308"},"modified":"2015-12-14T15:03:09","modified_gmt":"2015-12-14T13:03:09","slug":"insani-gorevimize-hakarettir","status":"publish","type":"post","link":"https:\/\/archive.sana.sy\/tr\/?p=55308","title":{"rendered":"\u0130nsani G\u00f6revimize Hakarettir"},"content":{"rendered":"<p>\u015eAM \u2013 Suriye Arap K\u0131z\u0131lay \u00d6rg\u00fct\u00fc eli kanl\u0131 ter\u00f6ristlerin ge\u00e7en Cumartesi g\u00fcn\u00fc Homs Kentinin Zehra Semtinde savunmas\u0131z sivil insanlara kar\u015f\u0131 i\u015fledi\u011fi vah\u015fette kulland\u0131\u011f\u0131 bombal\u0131 ara\u00e7ta K\u0131z\u0131lay \u00d6rg\u00fct\u00fcne ait bir ambulans arac\u0131n\u0131n plakas\u0131n\u0131 kullanmas\u0131n\u0131n, \u00f6rg\u00fct\u00fcn Suriye&#8217;de bulundu\u011fu insani g\u00f6reve hakaret te\u015fkil etti\u011fini belirtti.<\/p>\n<p>K\u0131z\u0131lay \u00d6rg\u00fct\u00fc bug\u00fcn yay\u0131nlad\u0131\u011f\u0131 ve bir n\u00fcshas\u0131n\u0131n SANA\u2019ya ula\u015ft\u0131r\u0131ld\u0131\u011f\u0131 beyan\u0131nda; K\u0131z\u0131lay\u2019\u0131n Tedmur \u015eubesine ait ambulans arac\u0131 plakas\u0131n\u0131n ter\u00f6r eyleminde havaya u\u00e7urulan bombal\u0131 ambulans arac\u0131nda kullan\u0131lmas\u0131 konusunda hi\u00e7bir sorumlulu\u011fu olmad\u0131\u011f\u0131n\u0131 a\u00e7\u0131klad\u0131. \u00d6rg\u00fct beyan\u0131nda Tedmur Kasabas\u0131n\u0131n I\u015e\u0130D taraf\u0131ndan ele ge\u00e7irilmesiyle kaybolan s\u00f6z konusu ara\u00e7la hi\u00e7bir ilgisi olmad\u0131\u011f\u0131na dikkat \u00e7ekerken tekfircilerin bu ambulans\u0131n plakas\u0131n\u0131 K\u0131z\u0131lay \u00d6rg\u00fct\u00fcn\u00fcn insani \u00e7al\u0131\u015fmalar\u0131n\u0131 k\u00f6t\u00fclemek amac\u0131yla kulland\u0131klar\u0131n\u0131 belirtti.<\/p>\n","protected":false},"excerpt":{"rendered":"<p>\u015eAM \u2013 Suriye Arap K\u0131z\u0131lay \u00d6rg\u00fct\u00fc eli kanl\u0131 ter\u00f6ristlerin ge\u00e7en Cumartesi g\u00fcn\u00fc Homs Kentinin Zehra Semtinde savunmas\u0131z sivil insanlara kar\u015f\u0131 i\u015fledi\u011fi vah\u015fette kulland\u0131\u011f\u0131 bombal\u0131 ara\u00e7ta K\u0131z\u0131lay \u00d6rg\u00fct\u00fcne ait bir ambulans arac\u0131n\u0131n plakas\u0131n\u0131 kullanmas\u0131n\u0131n, \u00f6rg\u00fct\u00fcn Suriye&#8217;de bulundu\u011fu insani g\u00f6reve hakaret te\u015fkil etti\u011fini belirtti. K\u0131z\u0131lay \u00d6rg\u00fct\u00fc bug\u00fcn yay\u0131nlad\u0131\u011f\u0131 ve bir n\u00fcshas\u0131n\u0131n SANA\u2019ya ula\u015ft\u0131r\u0131ld\u0131\u011f\u0131 beyan\u0131nda; K\u0131z\u0131lay\u2019\u0131n Tedmur \u015eubesine &hellip;<\/p>\n","protected":false},"author":1,"featured_media":55310,"comment_status":"closed","ping_status":"closed","sticky":false,"template":"","format":"standard","meta":{"footnotes":""},"categories":[479,17988,478],"tags":[18088],"class_list":["post-55308","post","type-post","status-publish","format-standard","has-post-thumbnail","","category-haberler-yerel","category-son-haberler","category-yerel","tag-suriye-arap-kizilay-orgutu"],"_links":{"self":[{"href":"https:\/\/archive.sana.sy\/tr\/index.php?rest_route=\/wp\/v2\/posts\/55308","targetHints":{"allow":["GET"]}}],"collection":[{"href":"https:\/\/archive.sana.sy\/tr\/index.php?rest_route=\/wp\/v2\/posts"}],"about":[{"href":"https:\/\/archive.sana.sy\/tr\/index.php?rest_route=\/wp\/v2\/types\/post"}],"author":[{"embeddable":true,"href":"https:\/\/archive.sana.sy\/tr\/index.php?rest_route=\/wp\/v2\/users\/1"}],"replies":[{"embeddable":true,"href":"https:\/\/archive.sana.sy\/tr\/index.php?rest_route=%2Fwp%2Fv2%2Fcomments&post=55308"}],"version-history":[{"count":0,"href":"https:\/\/archive.sana.sy\/tr\/index.php?rest_route=\/wp\/v2\/posts\/55308\/revisions"}],"wp:featuredmedia":[{"embeddable":true,"href":"https:\/\/archive.sana.sy\/tr\/index.php?rest_route=\/wp\/v2\/media\/55310"}],"wp:attachment":[{"href":"https:\/\/archive.sana.sy\/tr\/index.php?rest_route=%2Fwp%2Fv2%2Fmedia&parent=55308"}],"wp:term":[{"taxonomy":"category","embeddable":true,"href":"https:\/\/archive.sana.sy\/tr\/index.php?rest_route=%2Fwp%2Fv2%2Fcategories&post=55308"},{"taxonomy":"post_tag","embeddable":true,"href":"https:\/\/archive.sana.sy\/tr\/index.php?rest_route=%2Fwp%2Fv2%2Ftags&post=55308"}],"curies":[{"name":"wp","href":"https:\/\/api.w.org\/{rel}","templated":true}]}}