{"id":55312,"date":"2015-12-14T15:43:35","date_gmt":"2015-12-14T13:43:35","guid":{"rendered":"http:\/\/www.sana.sy\/tr\/?p=55312"},"modified":"2015-12-15T13:05:41","modified_gmt":"2015-12-15T11:05:41","slug":"2016da-insani-yardim-hacmi-3-2-milyar-dolar","status":"publish","type":"post","link":"https:\/\/archive.sana.sy\/tr\/?p=55312","title":{"rendered":"2016\u2019da \u0130nsani Yard\u0131m Hacmi 3.2 Milyar Dolar"},"content":{"rendered":"<p>\u015eAM \u2013 BM genel sekreterinin insani i\u015fler vekili ve ola\u011fan\u00fcst\u00fc hallerde yard\u0131m koordinat\u00f6r\u00fc Stephen O\u2019Brien BM ve ortaklar\u0131n\u0131n Suriye&#8217;deki insani yard\u0131mlara ili\u015fkin planlar\u0131n\u0131 tamamlad\u0131klar\u0131n\u0131 ifade ederken, 2016 y\u0131l\u0131nda 13,5 milyon Suriyeliye yapacaklar\u0131 yard\u0131m hacminin 3,2 milyar dolar oldu\u011funu a\u00e7\u0131klad\u0131.<\/p>\n<p>\u015eam\u2019daki Dama Rose Otelinde bug\u00fcn bas\u0131n konferans\u0131 d\u00fczenleyen O\u2019Brien; yap\u0131lmas\u0131 gereken insani yard\u0131m hacminin \u00e7ok b\u00fcy\u00fck oldu\u011funa i\u015faret ederek, bu y\u00f6ndeki \u00e7al\u0131\u015fmalar\u0131n devam etmesiyle \u00f6n\u00fcm\u00fczdeki y\u0131l\u0131n \u015eubat ay\u0131 ba\u015flar\u0131nda Londra\u2019da yap\u0131lmas\u0131 beklenen Suriye konferans\u0131nda uluslar aras\u0131 toplumun ciddi miktarda insani yard\u0131m finans\u0131 takdim etmesi umudunu dile getirdi.<\/p>\n<p>O\u2019Brien Suriyeli yetkililerle temaslar\u0131 konusunda ise; bu temaslar\u0131n \u00f6zellikle abluka alt\u0131ndaki b\u00f6lgeler ba\u015fta olmak \u00fczere muhtelif b\u00f6lgelerde insani yard\u0131m ihtiya\u00e7lar\u0131n\u0131n kar\u015f\u0131lanmas\u0131nda somut ve pratik sonu\u00e7lar vermesini temenni etti. Suriye h\u00fck\u00fcmetinin bu ba\u011flamda i\u015fbirli\u011fi i\u00e7inde oldu\u011funu belirten O\u2019Brien, Suriye Arap K\u0131z\u0131lay \u00d6rg\u00fct\u00fcn\u00fcn de harcad\u0131\u011f\u0131 \u00e7abalar\u0131n takdire \u015fayan oldu\u011funu ifade etti.<\/p>\n<p>\u0130stisnas\u0131z t\u00fcm b\u00f6lgelere insani yard\u0131mlar\u0131n ula\u015ft\u0131r\u0131lmas\u0131 \u00f6nemini ifade eden O\u2019Brien; \u00e7al\u0131\u015fmalar\u0131nda politika ve tutumlardan uzak olarak tarafs\u0131z olduklar\u0131n\u0131 s\u00f6yledi.<\/p>\n<p>Suriye ve halk\u0131na y\u00f6nelik ekonomik yapt\u0131r\u0131mlar\u0131n etkisine ili\u015fkin soruya cevab\u0131nda O\u2019Brien; kendilerinin \u00e7al\u0131\u015fmalar\u0131nda insani yard\u0131mlar\u0131n teminine \u00e7al\u0131\u015ft\u0131klar\u0131n\u0131 s\u00f6yledi.<\/p>\n<p>https:\/\/www.youtube.com\/watch?v=Ee_bR24e02s<\/p>\n","protected":false},"excerpt":{"rendered":"<p>\u015eAM \u2013 BM genel sekreterinin insani i\u015fler vekili ve ola\u011fan\u00fcst\u00fc hallerde yard\u0131m koordinat\u00f6r\u00fc Stephen O\u2019Brien BM ve ortaklar\u0131n\u0131n Suriye&#8217;deki insani yard\u0131mlara ili\u015fkin planlar\u0131n\u0131 tamamlad\u0131klar\u0131n\u0131 ifade ederken, 2016 y\u0131l\u0131nda 13,5 milyon Suriyeliye yapacaklar\u0131 yard\u0131m hacminin 3,2 milyar dolar oldu\u011funu a\u00e7\u0131klad\u0131. \u015eam\u2019daki Dama Rose Otelinde bug\u00fcn bas\u0131n konferans\u0131 d\u00fczenleyen O\u2019Brien; yap\u0131lmas\u0131 gereken insani yard\u0131m hacminin \u00e7ok b\u00fcy\u00fck &hellip;<\/p>\n","protected":false},"author":1,"featured_media":55350,"comment_status":"closed","ping_status":"closed","sticky":false,"template":"","format":"standard","meta":{"footnotes":""},"categories":[479,17988,478],"tags":[18091],"class_list":["post-55312","post","type-post","status-publish","format-standard","has-post-thumbnail","","category-haberler-yerel","category-son-haberler","category-yerel","tag-bm-genel-sekreterinin-insani-isler-vekili-ve-olaganustu-hallerde-yardim-koordinatoru-stephen-obrien"],"_links":{"self":[{"href":"https:\/\/archive.sana.sy\/tr\/index.php?rest_route=\/wp\/v2\/posts\/55312","targetHints":{"allow":["GET"]}}],"collection":[{"href":"https:\/\/archive.sana.sy\/tr\/index.php?rest_route=\/wp\/v2\/posts"}],"about":[{"href":"https:\/\/archive.sana.sy\/tr\/index.php?rest_route=\/wp\/v2\/types\/post"}],"author":[{"embeddable":true,"href":"https:\/\/archive.sana.sy\/tr\/index.php?rest_route=\/wp\/v2\/users\/1"}],"replies":[{"embeddable":true,"href":"https:\/\/archive.sana.sy\/tr\/index.php?rest_route=%2Fwp%2Fv2%2Fcomments&post=55312"}],"version-history":[{"count":0,"href":"https:\/\/archive.sana.sy\/tr\/index.php?rest_route=\/wp\/v2\/posts\/55312\/revisions"}],"wp:featuredmedia":[{"embeddable":true,"href":"https:\/\/archive.sana.sy\/tr\/index.php?rest_route=\/wp\/v2\/media\/55350"}],"wp:attachment":[{"href":"https:\/\/archive.sana.sy\/tr\/index.php?rest_route=%2Fwp%2Fv2%2Fmedia&parent=55312"}],"wp:term":[{"taxonomy":"category","embeddable":true,"href":"https:\/\/archive.sana.sy\/tr\/index.php?rest_route=%2Fwp%2Fv2%2Fcategories&post=55312"},{"taxonomy":"post_tag","embeddable":true,"href":"https:\/\/archive.sana.sy\/tr\/index.php?rest_route=%2Fwp%2Fv2%2Ftags&post=55312"}],"curies":[{"name":"wp","href":"https:\/\/api.w.org\/{rel}","templated":true}]}}