{"id":55318,"date":"2015-12-14T09:00:41","date_gmt":"2015-12-14T07:00:41","guid":{"rendered":"http:\/\/www.sana.sy\/tr\/?p=55318"},"modified":"2015-12-14T15:48:40","modified_gmt":"2015-12-14T13:48:40","slug":"hilal-suriye-lubnanda-direnis-cizgisini-desteklemeye-devam-ediyor","status":"publish","type":"post","link":"https:\/\/archive.sana.sy\/tr\/?p=55318","title":{"rendered":"Hilal: Suriye L\u00fcbnan\u2019da Direni\u015f \u00c7izgisini Desteklemeye Devam Ediyor"},"content":{"rendered":"<p>\u015eAM \u2013 Sosyalist Arap Baas Partisi Ulusal Sekreter Yard\u0131mc\u0131s\u0131 Hilal el Hilal; d\u00fcn L\u00fcbnan\u2019da \u0130slami \u00c7al\u0131\u015fma Cephesi Ba\u015fkan\u0131 Z\u00fcheyr el Caid ve ona e\u015flik eden heyetle bir araya gelerek Suriye&#8217;nin L\u00fcbnan\u2019da ulusal direni\u015f \u00e7izgisini ve kolonizasyona kar\u015f\u0131 b\u00fct\u00fcn m\u00fccadele g\u00fc\u00e7lerini desteklemeye devam etti\u011fini dile getirdi.<\/p>\n<p><img loading=\"lazy\" decoding=\"async\" class=\"alignright wp-image-55320 size-medium\" src=\"http:\/\/www.sana.sy\/tr\/wp-content\/uploads\/2015\/12\/Hilal-1-300x186.gif\" alt=\"Hilal 1\" width=\"300\" height=\"186\" srcset=\"https:\/\/archive.sana.sy\/tr\/wp-content\/uploads\/2015\/12\/Hilal-1-300x186.gif 300w, https:\/\/archive.sana.sy\/tr\/wp-content\/uploads\/2015\/12\/Hilal-1-150x93.gif 150w\" sizes=\"auto, (max-width: 300px) 100vw, 300px\" \/>Suriye&#8217;nin, be\u015f y\u0131ld\u0131r maruz kald\u0131\u011f\u0131 vah\u015fi sava\u015f\u0131n tek sebebinin ulusal egemenlik ve karar \u00f6zg\u00fcrl\u00fc\u011f\u00fcne sahip bir devlet olmas\u0131ndan kaynakland\u0131\u011f\u0131n\u0131 ifade eden Hilal; Suriye&#8217;nin, ya\u015fad\u0131\u011f\u0131 b\u00fct\u00fcn zor ko\u015fullara ra\u011fmen her zamankinden daha g\u00fc\u00e7l\u00fc oldu\u011funu belirtti.<\/p>\n<p>Silahl\u0131 ter\u00f6r gruplar\u0131 ve patronlar\u0131n\u0131n ama\u00e7lar\u0131na ula\u015fmak i\u00e7in \u0130slamiyet\u2019i bir ara\u00e7 olarak kulland\u0131klar\u0131na dikkat \u00e7eken Hilal; \u0130slami cemiyetler, din adamlar\u0131 ve d\u00fc\u015f\u00fcn\u00fcrlere \u0130slam ger\u00e7ekli\u011fini netle\u015ftirmek i\u00e7in \u00e7al\u0131\u015fma \u00e7a\u011fr\u0131s\u0131nda bulundu.<br \/>\nDi\u011fer taraftan Suriye&#8217;nin Arapl\u0131\u011f\u0131n atan nabz\u0131 oldu\u011funu dile getiren heyet \u00fcyeleri, Suriye Arap Ordusunun b\u00fct\u00fcn Arap ulusunun onuru oldu\u011funu vurgulad\u0131lar.<\/p>\n<p>F.B. &#8211; M.M.<\/p>\n","protected":false},"excerpt":{"rendered":"<p>\u015eAM \u2013 Sosyalist Arap Baas Partisi Ulusal Sekreter Yard\u0131mc\u0131s\u0131 Hilal el Hilal; d\u00fcn L\u00fcbnan\u2019da \u0130slami \u00c7al\u0131\u015fma Cephesi Ba\u015fkan\u0131 Z\u00fcheyr el Caid ve ona e\u015flik eden heyetle bir araya gelerek Suriye&#8217;nin L\u00fcbnan\u2019da ulusal direni\u015f \u00e7izgisini ve kolonizasyona kar\u015f\u0131 b\u00fct\u00fcn m\u00fccadele g\u00fc\u00e7lerini desteklemeye devam etti\u011fini dile getirdi. Suriye&#8217;nin, be\u015f y\u0131ld\u0131r maruz kald\u0131\u011f\u0131 vah\u015fi sava\u015f\u0131n tek sebebinin ulusal &hellip;<\/p>\n","protected":false},"author":1,"featured_media":55319,"comment_status":"closed","ping_status":"closed","sticky":false,"template":"","format":"standard","meta":{"footnotes":""},"categories":[479,17988,478],"tags":[18092],"class_list":["post-55318","post","type-post","status-publish","format-standard","has-post-thumbnail","","category-haberler-yerel","category-son-haberler","category-yerel","tag-hilal-suriye-lubnanda-direnis-cizgisini-desteklemeye-devam-ediyor"],"_links":{"self":[{"href":"https:\/\/archive.sana.sy\/tr\/index.php?rest_route=\/wp\/v2\/posts\/55318","targetHints":{"allow":["GET"]}}],"collection":[{"href":"https:\/\/archive.sana.sy\/tr\/index.php?rest_route=\/wp\/v2\/posts"}],"about":[{"href":"https:\/\/archive.sana.sy\/tr\/index.php?rest_route=\/wp\/v2\/types\/post"}],"author":[{"embeddable":true,"href":"https:\/\/archive.sana.sy\/tr\/index.php?rest_route=\/wp\/v2\/users\/1"}],"replies":[{"embeddable":true,"href":"https:\/\/archive.sana.sy\/tr\/index.php?rest_route=%2Fwp%2Fv2%2Fcomments&post=55318"}],"version-history":[{"count":0,"href":"https:\/\/archive.sana.sy\/tr\/index.php?rest_route=\/wp\/v2\/posts\/55318\/revisions"}],"wp:featuredmedia":[{"embeddable":true,"href":"https:\/\/archive.sana.sy\/tr\/index.php?rest_route=\/wp\/v2\/media\/55319"}],"wp:attachment":[{"href":"https:\/\/archive.sana.sy\/tr\/index.php?rest_route=%2Fwp%2Fv2%2Fmedia&parent=55318"}],"wp:term":[{"taxonomy":"category","embeddable":true,"href":"https:\/\/archive.sana.sy\/tr\/index.php?rest_route=%2Fwp%2Fv2%2Fcategories&post=55318"},{"taxonomy":"post_tag","embeddable":true,"href":"https:\/\/archive.sana.sy\/tr\/index.php?rest_route=%2Fwp%2Fv2%2Ftags&post=55318"}],"curies":[{"name":"wp","href":"https:\/\/api.w.org\/{rel}","templated":true}]}}