{"id":55343,"date":"2015-12-14T12:30:39","date_gmt":"2015-12-14T10:30:39","guid":{"rendered":"http:\/\/www.sana.sy\/tr\/?p=55343"},"modified":"2015-12-15T13:38:10","modified_gmt":"2015-12-15T11:38:10","slug":"onceki-toplantida-alinan-kararlarin-hayata-gecirilmesine-anlastilar","status":"publish","type":"post","link":"https:\/\/archive.sana.sy\/tr\/?p=55343","title":{"rendered":"\u00d6nceki Toplant\u0131da Al\u0131nan Kararlar\u0131n Hayata Ge\u00e7irilmesine Anla\u015ft\u0131lar"},"content":{"rendered":"<p>MOSKOVA \u2013 Rusya D\u0131\u015fi\u015fleri Bakan\u0131 Sergey Lavrov ve ABD\u2019li mevkida\u015f\u0131 John Kerry aralar\u0131nda ger\u00e7ekle\u015fen telefon g\u00f6r\u00fc\u015fmesinde Uluslar aras\u0131 Suriye&#8217;ye destek Grubunun yeniden bir araya gelmeden \u00f6nce 13 Ekim tarihli toplant\u0131da ald\u0131klar\u0131 kararlar\u0131n hayata ge\u00e7irilmesi gere\u011fini belirtti.<\/p>\n<p>Lavrov ve Kerry daha \u00f6nce Viyana&#8217;da toplanan s\u00f6z konusu grubun BM\u2019nin Suriye \u00f6zel temsilcisi Staffan de Mistura\u2019n\u0131n Suriye h\u00fck\u00fcmeti ile m\u00fczakerelere oturacak \u2018muhalefet heyetinin\u2019 yap\u0131s\u0131na ili\u015fkin \u00f6nerilerin yan\u0131 s\u0131ra Suriye&#8217;de ortakla\u015fa m\u00fccadele edilecek ter\u00f6r \u00f6rg\u00fctleri listesinin haz\u0131rlanmas\u0131 oldu\u011funa dikkat \u00e7ekti.<\/p>\n<p>Toplant\u0131lar\u0131nda t\u00fcm \u00fcyelerinin kat\u0131lmas\u0131 ve kararlar\u0131nda toplu onay\u0131n olmas\u0131 gere\u011fini belirten iki bakan; ortak toplant\u0131 g\u00fcndemine ili\u015fkin g\u00f6r\u00fc\u015f al\u0131\u015fveri\u015finde bulundular.<\/p>\n<p>Rusya D\u0131\u015fi\u015fleri Bakanl\u0131\u011f\u0131n\u0131n yay\u0131nlad\u0131\u011f\u0131 bir beyanda s\u00f6z konusu telefon g\u00f6r\u00fc\u015fmesinin Kerry\u2019nin Moskova ziyaretinin arifesinde geldi\u011fine dikkat \u00e7ekildi.<\/p>\n<p>R.H.<\/p>\n","protected":false},"excerpt":{"rendered":"<p>MOSKOVA \u2013 Rusya D\u0131\u015fi\u015fleri Bakan\u0131 Sergey Lavrov ve ABD\u2019li mevkida\u015f\u0131 John Kerry aralar\u0131nda ger\u00e7ekle\u015fen telefon g\u00f6r\u00fc\u015fmesinde Uluslar aras\u0131 Suriye&#8217;ye destek Grubunun yeniden bir araya gelmeden \u00f6nce 13 Ekim tarihli toplant\u0131da ald\u0131klar\u0131 kararlar\u0131n hayata ge\u00e7irilmesi gere\u011fini belirtti. Lavrov ve Kerry daha \u00f6nce Viyana&#8217;da toplanan s\u00f6z konusu grubun BM\u2019nin Suriye \u00f6zel temsilcisi Staffan de Mistura\u2019n\u0131n Suriye h\u00fck\u00fcmeti &hellip;<\/p>\n","protected":false},"author":1,"featured_media":55344,"comment_status":"closed","ping_status":"closed","sticky":false,"template":"","format":"standard","meta":{"footnotes":""},"categories":[458,459,17988],"tags":[18094],"class_list":["post-55343","post","type-post","status-publish","format-standard","has-post-thumbnail","","category-dunya1","category-haberler-arap-uluslararasi-politika","category-son-haberler","tag-onceki-toplantida-alinan-kararlarin-hayata-gecirilmesine-anlastilar"],"_links":{"self":[{"href":"https:\/\/archive.sana.sy\/tr\/index.php?rest_route=\/wp\/v2\/posts\/55343","targetHints":{"allow":["GET"]}}],"collection":[{"href":"https:\/\/archive.sana.sy\/tr\/index.php?rest_route=\/wp\/v2\/posts"}],"about":[{"href":"https:\/\/archive.sana.sy\/tr\/index.php?rest_route=\/wp\/v2\/types\/post"}],"author":[{"embeddable":true,"href":"https:\/\/archive.sana.sy\/tr\/index.php?rest_route=\/wp\/v2\/users\/1"}],"replies":[{"embeddable":true,"href":"https:\/\/archive.sana.sy\/tr\/index.php?rest_route=%2Fwp%2Fv2%2Fcomments&post=55343"}],"version-history":[{"count":0,"href":"https:\/\/archive.sana.sy\/tr\/index.php?rest_route=\/wp\/v2\/posts\/55343\/revisions"}],"wp:featuredmedia":[{"embeddable":true,"href":"https:\/\/archive.sana.sy\/tr\/index.php?rest_route=\/wp\/v2\/media\/55344"}],"wp:attachment":[{"href":"https:\/\/archive.sana.sy\/tr\/index.php?rest_route=%2Fwp%2Fv2%2Fmedia&parent=55343"}],"wp:term":[{"taxonomy":"category","embeddable":true,"href":"https:\/\/archive.sana.sy\/tr\/index.php?rest_route=%2Fwp%2Fv2%2Fcategories&post=55343"},{"taxonomy":"post_tag","embeddable":true,"href":"https:\/\/archive.sana.sy\/tr\/index.php?rest_route=%2Fwp%2Fv2%2Ftags&post=55343"}],"curies":[{"name":"wp","href":"https:\/\/api.w.org\/{rel}","templated":true}]}}