{"id":55353,"date":"2015-12-14T14:36:45","date_gmt":"2015-12-14T12:36:45","guid":{"rendered":"http:\/\/www.sana.sy\/tr\/?p=55353"},"modified":"2015-12-15T14:39:08","modified_gmt":"2015-12-15T12:39:08","slug":"cumhurbaskani-el-esad-pakistan-islami-cumhuriyeti-buyukelcisi-seyid-athar-huseyin-buharinin-guven-mektubunu-kabul-etti","status":"publish","type":"post","link":"https:\/\/archive.sana.sy\/tr\/?p=55353","title":{"rendered":"Cumhurba\u015fkan\u0131 el Esad Pakistan \u0130slami Cumhuriyeti B\u00fcy\u00fckel\u00e7isi Seyid Athar H\u00fcseyin Buhari\u2019nin g\u00fcven mektubunu kabul etti"},"content":{"rendered":"<p>Cumhurba\u015fkan\u0131 el Esad Pakistan \u0130slami Cumhuriyeti B\u00fcy\u00fckel\u00e7isi Seyid Athar H\u00fcseyin Buhari\u2019nin g\u00fcven mektubunu kabul etti<\/p>\n<p><img loading=\"lazy\" decoding=\"async\" class=\"aligncenter wp-image-55384 size-large\" src=\"http:\/\/www.sana.sy\/tr\/wp-content\/uploads\/2015\/12\/\u0628\u0627\u0643\u0633\u062a\u0627\u0646-1-1024x673.jpg\" alt=\"\" width=\"618\" height=\"406\" srcset=\"https:\/\/archive.sana.sy\/tr\/wp-content\/uploads\/2015\/12\/\u0628\u0627\u0643\u0633\u062a\u0627\u0646-1-1024x673.jpg 1024w, https:\/\/archive.sana.sy\/tr\/wp-content\/uploads\/2015\/12\/\u0628\u0627\u0643\u0633\u062a\u0627\u0646-1-150x99.jpg 150w, https:\/\/archive.sana.sy\/tr\/wp-content\/uploads\/2015\/12\/\u0628\u0627\u0643\u0633\u062a\u0627\u0646-1-300x197.jpg 300w, https:\/\/archive.sana.sy\/tr\/wp-content\/uploads\/2015\/12\/\u0628\u0627\u0643\u0633\u062a\u0627\u0646-1-768x505.jpg 768w, https:\/\/archive.sana.sy\/tr\/wp-content\/uploads\/2015\/12\/\u0628\u0627\u0643\u0633\u062a\u0627\u0646-1-310x205.jpg 310w\" sizes=\"auto, (max-width: 618px) 100vw, 618px\" \/><\/p>\n","protected":false},"excerpt":{"rendered":"<p>Cumhurba\u015fkan\u0131 el Esad Pakistan \u0130slami Cumhuriyeti B\u00fcy\u00fckel\u00e7isi Seyid Athar H\u00fcseyin Buhari\u2019nin g\u00fcven mektubunu kabul etti<\/p>\n","protected":false},"author":1,"featured_media":55383,"comment_status":"closed","ping_status":"closed","sticky":false,"template":"","format":"standard","meta":{"footnotes":""},"categories":[6459],"tags":[],"class_list":["post-55353","post","type-post","status-publish","format-standard","has-post-thumbnail","","category-sana-fotolarl"],"_links":{"self":[{"href":"https:\/\/archive.sana.sy\/tr\/index.php?rest_route=\/wp\/v2\/posts\/55353","targetHints":{"allow":["GET"]}}],"collection":[{"href":"https:\/\/archive.sana.sy\/tr\/index.php?rest_route=\/wp\/v2\/posts"}],"about":[{"href":"https:\/\/archive.sana.sy\/tr\/index.php?rest_route=\/wp\/v2\/types\/post"}],"author":[{"embeddable":true,"href":"https:\/\/archive.sana.sy\/tr\/index.php?rest_route=\/wp\/v2\/users\/1"}],"replies":[{"embeddable":true,"href":"https:\/\/archive.sana.sy\/tr\/index.php?rest_route=%2Fwp%2Fv2%2Fcomments&post=55353"}],"version-history":[{"count":0,"href":"https:\/\/archive.sana.sy\/tr\/index.php?rest_route=\/wp\/v2\/posts\/55353\/revisions"}],"wp:featuredmedia":[{"embeddable":true,"href":"https:\/\/archive.sana.sy\/tr\/index.php?rest_route=\/wp\/v2\/media\/55383"}],"wp:attachment":[{"href":"https:\/\/archive.sana.sy\/tr\/index.php?rest_route=%2Fwp%2Fv2%2Fmedia&parent=55353"}],"wp:term":[{"taxonomy":"category","embeddable":true,"href":"https:\/\/archive.sana.sy\/tr\/index.php?rest_route=%2Fwp%2Fv2%2Fcategories&post=55353"},{"taxonomy":"post_tag","embeddable":true,"href":"https:\/\/archive.sana.sy\/tr\/index.php?rest_route=%2Fwp%2Fv2%2Ftags&post=55353"}],"curies":[{"name":"wp","href":"https:\/\/api.w.org\/{rel}","templated":true}]}}