{"id":55367,"date":"2015-12-15T13:24:48","date_gmt":"2015-12-15T11:24:48","guid":{"rendered":"http:\/\/www.sana.sy\/tr\/?p=55367"},"modified":"2015-12-15T13:24:48","modified_gmt":"2015-12-15T11:24:48","slug":"erdogan-rejiminin-destek-ve-katkilarina-kapali-bir-itiraf","status":"publish","type":"post","link":"https:\/\/archive.sana.sy\/tr\/?p=55367","title":{"rendered":"Erdo\u011fan Rejiminin Destek ve Katk\u0131lar\u0131na Kapal\u0131 Bir \u0130tiraf"},"content":{"rendered":"<p>BR\u00dcKSEL \u2013 Avrupa Birli\u011fi D\u0131\u015f Politika Temsilcisi Federica Mogherini ter\u00f6ristlerin Suriye T\u00fcrkiye s\u0131n\u0131rlar\u0131n\u0131 kullanmalar\u0131n\u0131n engellenmesi ve ter\u00f6r finans\u0131yla m\u00fccadele ama\u00e7l\u0131 olarak AB d\u0131\u015fi\u015fleri bakanlar\u0131n\u0131n T\u00fcrkiye&#8217;de Recep tayip Erdo\u011fan rejimiyle temaslarda bulunduklar\u0131n\u0131 ilan etti.<\/p>\n<p>Rus Novosti Ajans\u0131n\u0131n aktard\u0131\u011f\u0131 a\u00e7\u0131klamalar\u0131nda Mogherini; T\u00fcrkiye Suriye s\u0131n\u0131rlar\u0131n\u0131n iki tarafl\u0131 olarak radikaller ve ter\u00f6ristler taraf\u0131ndan ciddi \u015fekilde kullan\u0131ld\u0131\u011f\u0131na dikkat \u00e7ekerek, bu s\u0131n\u0131rlar\u0131n kapat\u0131lmas\u0131 \u00f6nemine i\u015faret etti.<\/p>\n<p>Erdo\u011fan rejiminin Suriye&#8217;de tekfirci ter\u00f6ristleri ve d\u00fcnyan\u0131n her yerinden gelen radikal katilleri ciddi derecede destekledi\u011fi y\u00f6n\u00fcndeki Mogherini\u2019nin bu kapal\u0131 itiraf\u0131 Suriye&#8217;de ter\u00f6r faaliyetlerinde bulunan \u00e7ok say\u0131da tekfirci ter\u00f6ristin Avrupa devletlerine geri d\u00f6nmeleri ard\u0131ndan geldi.<\/p>\n<p>T\u00fcrkiye rejiminin ter\u00f6re her t\u00fcrl\u00fc deste\u011finin yan\u0131 s\u0131ra \u00e7ald\u0131klar\u0131 petrol, tarihi eser ve uyu\u015fturucu ticaretinde tekfirci ter\u00f6ristlerin elde ettikleri finansta Erdo\u011fan rejiminin rol ve katk\u0131lar\u0131n\u0131 gayet iyi bilen Avrupal\u0131 \u00e7ok say\u0131da yetkiliden biri say\u0131lan Mogherini; s\u00f6z\u00fcn\u00fc etti\u011fi g\u00f6r\u00fc\u015fmelerin ayr\u0131nt\u0131lar\u0131 hakk\u0131nda bilgi vermedi.<\/p>\n<p>R.H.<\/p>\n","protected":false},"excerpt":{"rendered":"<p>BR\u00dcKSEL \u2013 Avrupa Birli\u011fi D\u0131\u015f Politika Temsilcisi Federica Mogherini ter\u00f6ristlerin Suriye T\u00fcrkiye s\u0131n\u0131rlar\u0131n\u0131 kullanmalar\u0131n\u0131n engellenmesi ve ter\u00f6r finans\u0131yla m\u00fccadele ama\u00e7l\u0131 olarak AB d\u0131\u015fi\u015fleri bakanlar\u0131n\u0131n T\u00fcrkiye&#8217;de Recep tayip Erdo\u011fan rejimiyle temaslarda bulunduklar\u0131n\u0131 ilan etti. Rus Novosti Ajans\u0131n\u0131n aktard\u0131\u011f\u0131 a\u00e7\u0131klamalar\u0131nda Mogherini; T\u00fcrkiye Suriye s\u0131n\u0131rlar\u0131n\u0131n iki tarafl\u0131 olarak radikaller ve ter\u00f6ristler taraf\u0131ndan ciddi \u015fekilde kullan\u0131ld\u0131\u011f\u0131na dikkat \u00e7ekerek, bu &hellip;<\/p>\n","protected":false},"author":1,"featured_media":55368,"comment_status":"closed","ping_status":"closed","sticky":false,"template":"","format":"standard","meta":{"footnotes":""},"categories":[17988,2554,2555],"tags":[18099],"class_list":["post-55367","post","type-post","status-publish","format-standard","has-post-thumbnail","","category-son-haberler","category-suriye-ve-dunya","category-suriye-ve-turkiye","tag-erdogan-rejiminin-destek-ve-katkilarina-kapali-bir-itiraf"],"_links":{"self":[{"href":"https:\/\/archive.sana.sy\/tr\/index.php?rest_route=\/wp\/v2\/posts\/55367","targetHints":{"allow":["GET"]}}],"collection":[{"href":"https:\/\/archive.sana.sy\/tr\/index.php?rest_route=\/wp\/v2\/posts"}],"about":[{"href":"https:\/\/archive.sana.sy\/tr\/index.php?rest_route=\/wp\/v2\/types\/post"}],"author":[{"embeddable":true,"href":"https:\/\/archive.sana.sy\/tr\/index.php?rest_route=\/wp\/v2\/users\/1"}],"replies":[{"embeddable":true,"href":"https:\/\/archive.sana.sy\/tr\/index.php?rest_route=%2Fwp%2Fv2%2Fcomments&post=55367"}],"version-history":[{"count":0,"href":"https:\/\/archive.sana.sy\/tr\/index.php?rest_route=\/wp\/v2\/posts\/55367\/revisions"}],"wp:featuredmedia":[{"embeddable":true,"href":"https:\/\/archive.sana.sy\/tr\/index.php?rest_route=\/wp\/v2\/media\/55368"}],"wp:attachment":[{"href":"https:\/\/archive.sana.sy\/tr\/index.php?rest_route=%2Fwp%2Fv2%2Fmedia&parent=55367"}],"wp:term":[{"taxonomy":"category","embeddable":true,"href":"https:\/\/archive.sana.sy\/tr\/index.php?rest_route=%2Fwp%2Fv2%2Fcategories&post=55367"},{"taxonomy":"post_tag","embeddable":true,"href":"https:\/\/archive.sana.sy\/tr\/index.php?rest_route=%2Fwp%2Fv2%2Ftags&post=55367"}],"curies":[{"name":"wp","href":"https:\/\/api.w.org\/{rel}","templated":true}]}}