{"id":55371,"date":"2015-12-15T13:37:09","date_gmt":"2015-12-15T11:37:09","guid":{"rendered":"http:\/\/www.sana.sy\/tr\/?p=55371"},"modified":"2015-12-15T13:37:09","modified_gmt":"2015-12-15T11:37:09","slug":"teror-suriyede-sinirli-degildir","status":"publish","type":"post","link":"https:\/\/archive.sana.sy\/tr\/?p=55371","title":{"rendered":"Ter\u00f6r Suriye&#8217;de S\u0131n\u0131rl\u0131 De\u011fildir"},"content":{"rendered":"<p>MOSKOVA \u2013 Rusya D\u0131\u015fi\u015fleri Bakan\u0131 Sergey Lavrov bug\u00fcn Moskova\u2019da ABD\u2019li mevkida\u015f\u0131 John Kerry ile g\u00f6r\u00fc\u015fmesinde Suriye&#8217;deki krizin \u00e7\u00f6z\u00fcm\u00fcn\u00fcn Viyana\u2019da \u00fcst\u00fcne anla\u015f\u0131lan noktalar\u0131n hayata ge\u00e7irilmesine ciddi bir \u00f6nem vermeyi gerektirdi\u011fini belirtirken, ter\u00f6r meselesinin Suriye&#8217;de s\u0131n\u0131rl\u0131 olmad\u0131\u011f\u0131n\u0131n alt\u0131n\u0131 \u00e7izdi.<\/p>\n<p>Lavrov I\u015e\u0130D ter\u00f6r \u00f6rg\u00fct\u00fcn\u00fcn sadece Suriye&#8217;de de\u011fil, Irak ve Libya&#8217;n\u0131n yan\u0131 s\u0131ra Yemen ve Afganistan\u2019da da faaliyet g\u00f6sterdi\u011fine dikkat \u00e7ekti. Kerry ile g\u00f6r\u00fc\u015fmesinde Suriye&#8217;de faaliyet g\u00f6steren ter\u00f6r \u00f6rg\u00fctleri listesinin yan\u0131 s\u0131ra ABD\u2019nin Ukrayna\u2019daki krizin \u00e7\u00f6z\u00fcm\u00fcn\u00fc de ele ald\u0131klar\u0131n\u0131 belirten Lavrov; iki \u00fclke aras\u0131ndaki ili\u015fkilerin de de\u011ferlendirilece\u011fini s\u00f6zlerine ekledi.<\/p>\n<p>Kerry ise I\u015e\u0130D\u2019in ciddi bir tehlike te\u015fkil etti\u011fi ve yok edilmesinden ba\u015fka se\u00e7ene\u011fin olmad\u0131\u011f\u0131 konusunda Rusya ABD2nin ayn\u0131 vizyona sahip olduklar\u0131n\u0131 s\u00f6yledi. Rusya&#8217;n\u0131n \u0130ran n\u00fckleer dosyas\u0131n\u0131n \u00e7\u00f6z\u00fcm\u00fcnde ciddi bir katk\u0131 sa\u011flad\u0131\u011f\u0131na dikkat \u00e7eken Kerry, Suriye&#8217;deki krizin \u00e7\u00f6z\u00fcm\u00fcnde de \u00f6nemli bir ortak oldu\u011funu, dolay\u0131s\u0131yla da Moskova ve Washington aras\u0131ndaki i\u015fbirli\u011finin devam edece\u011fini ifade etti.<\/p>\n<p>R.H.<\/p>\n","protected":false},"excerpt":{"rendered":"<p>MOSKOVA \u2013 Rusya D\u0131\u015fi\u015fleri Bakan\u0131 Sergey Lavrov bug\u00fcn Moskova\u2019da ABD\u2019li mevkida\u015f\u0131 John Kerry ile g\u00f6r\u00fc\u015fmesinde Suriye&#8217;deki krizin \u00e7\u00f6z\u00fcm\u00fcn\u00fcn Viyana\u2019da \u00fcst\u00fcne anla\u015f\u0131lan noktalar\u0131n hayata ge\u00e7irilmesine ciddi bir \u00f6nem vermeyi gerektirdi\u011fini belirtirken, ter\u00f6r meselesinin Suriye&#8217;de s\u0131n\u0131rl\u0131 olmad\u0131\u011f\u0131n\u0131n alt\u0131n\u0131 \u00e7izdi. Lavrov I\u015e\u0130D ter\u00f6r \u00f6rg\u00fct\u00fcn\u00fcn sadece Suriye&#8217;de de\u011fil, Irak ve Libya&#8217;n\u0131n yan\u0131 s\u0131ra Yemen ve Afganistan\u2019da da faaliyet g\u00f6sterdi\u011fine &hellip;<\/p>\n","protected":false},"author":1,"featured_media":55373,"comment_status":"closed","ping_status":"closed","sticky":false,"template":"","format":"standard","meta":{"footnotes":""},"categories":[458,459,17988],"tags":[18100],"class_list":["post-55371","post","type-post","status-publish","format-standard","has-post-thumbnail","","category-dunya1","category-haberler-arap-uluslararasi-politika","category-son-haberler","tag-teror-suriyede-sinirli-degildir"],"_links":{"self":[{"href":"https:\/\/archive.sana.sy\/tr\/index.php?rest_route=\/wp\/v2\/posts\/55371","targetHints":{"allow":["GET"]}}],"collection":[{"href":"https:\/\/archive.sana.sy\/tr\/index.php?rest_route=\/wp\/v2\/posts"}],"about":[{"href":"https:\/\/archive.sana.sy\/tr\/index.php?rest_route=\/wp\/v2\/types\/post"}],"author":[{"embeddable":true,"href":"https:\/\/archive.sana.sy\/tr\/index.php?rest_route=\/wp\/v2\/users\/1"}],"replies":[{"embeddable":true,"href":"https:\/\/archive.sana.sy\/tr\/index.php?rest_route=%2Fwp%2Fv2%2Fcomments&post=55371"}],"version-history":[{"count":0,"href":"https:\/\/archive.sana.sy\/tr\/index.php?rest_route=\/wp\/v2\/posts\/55371\/revisions"}],"wp:featuredmedia":[{"embeddable":true,"href":"https:\/\/archive.sana.sy\/tr\/index.php?rest_route=\/wp\/v2\/media\/55373"}],"wp:attachment":[{"href":"https:\/\/archive.sana.sy\/tr\/index.php?rest_route=%2Fwp%2Fv2%2Fmedia&parent=55371"}],"wp:term":[{"taxonomy":"category","embeddable":true,"href":"https:\/\/archive.sana.sy\/tr\/index.php?rest_route=%2Fwp%2Fv2%2Fcategories&post=55371"},{"taxonomy":"post_tag","embeddable":true,"href":"https:\/\/archive.sana.sy\/tr\/index.php?rest_route=%2Fwp%2Fv2%2Ftags&post=55371"}],"curies":[{"name":"wp","href":"https:\/\/api.w.org\/{rel}","templated":true}]}}