{"id":55379,"date":"2015-12-15T12:20:42","date_gmt":"2015-12-15T10:20:42","guid":{"rendered":"http:\/\/www.sana.sy\/tr\/?p=55379"},"modified":"2015-12-15T14:21:56","modified_gmt":"2015-12-15T12:21:56","slug":"2900-suphelinin-kimligi-tespit-edildi","status":"publish","type":"post","link":"https:\/\/archive.sana.sy\/tr\/?p=55379","title":{"rendered":"2900 \u015e\u00fcphelinin Kimli\u011fi Tespit Edildi"},"content":{"rendered":"<p>MOSKOVA \u2013 Rusya Federal G\u00fcvenlik Kurumu Suriye ve Irak\u2019ta radikal ter\u00f6r \u00f6rg\u00fctlere kat\u0131lma \u015f\u00fcphesiyle Rusya vatanda\u015f\u0131 2900 ki\u015finin kimli\u011fini belirledi\u011fini ilan etti.<\/p>\n<p>Kurum M\u00fcd\u00fcr\u00fc Alexander Bortnikov Rus Ulusal Ter\u00f6rle M\u00fccadele Komitesinin bug\u00fcn Moskova\u2019da d\u00fczenledi\u011fi oturumda yapt\u0131\u011f\u0131 konu\u015fmada; s\u00f6z konusu \u015f\u00fcphelilerden 198\u2019inin Ortado\u011fu B\u00f6lgesinde \u00f6ld\u00fcklerini, 214\u2019\u00fcn\u00fcn sa\u011f salim d\u00f6nd\u00fcklerini s\u00f6yledi.<\/p>\n<p>Rus g\u00fcvenlik g\u00fc\u00e7lerinin aralar\u0131nda 20\u2019si I\u015e\u0130D\u2019e biat eden 36 komutan\u0131n bulundu\u011fu 156 radikal ter\u00f6risti \u00f6ld\u00fcrd\u00fcklerine dikkat \u00e7eken Bortnikov; Rus g\u00fcvenlik g\u00fc\u00e7lerinin operasyonlar\u0131 sayesinde tekfirci \u00e7eteleri felce u\u011fratt\u0131klar\u0131n\u0131 ve yeni ter\u00f6rist \u00f6rg\u00fctleme \u00e7al\u0131\u015fmalar\u0131n\u0131 engelledi\u011fini s\u00f6yledi.<\/p>\n","protected":false},"excerpt":{"rendered":"<p>MOSKOVA \u2013 Rusya Federal G\u00fcvenlik Kurumu Suriye ve Irak\u2019ta radikal ter\u00f6r \u00f6rg\u00fctlere kat\u0131lma \u015f\u00fcphesiyle Rusya vatanda\u015f\u0131 2900 ki\u015finin kimli\u011fini belirledi\u011fini ilan etti. Kurum M\u00fcd\u00fcr\u00fc Alexander Bortnikov Rus Ulusal Ter\u00f6rle M\u00fccadele Komitesinin bug\u00fcn Moskova\u2019da d\u00fczenledi\u011fi oturumda yapt\u0131\u011f\u0131 konu\u015fmada; s\u00f6z konusu \u015f\u00fcphelilerden 198\u2019inin Ortado\u011fu B\u00f6lgesinde \u00f6ld\u00fcklerini, 214\u2019\u00fcn\u00fcn sa\u011f salim d\u00f6nd\u00fcklerini s\u00f6yledi. Rus g\u00fcvenlik g\u00fc\u00e7lerinin aralar\u0131nda 20\u2019si I\u015e\u0130D\u2019e &hellip;<\/p>\n","protected":false},"author":1,"featured_media":55380,"comment_status":"closed","ping_status":"closed","sticky":false,"template":"","format":"standard","meta":{"footnotes":""},"categories":[458,459,17988],"tags":[18103],"class_list":["post-55379","post","type-post","status-publish","format-standard","has-post-thumbnail","","category-dunya1","category-haberler-arap-uluslararasi-politika","category-son-haberler","tag-usya-federal-guvenlik-kurumu"],"_links":{"self":[{"href":"https:\/\/archive.sana.sy\/tr\/index.php?rest_route=\/wp\/v2\/posts\/55379","targetHints":{"allow":["GET"]}}],"collection":[{"href":"https:\/\/archive.sana.sy\/tr\/index.php?rest_route=\/wp\/v2\/posts"}],"about":[{"href":"https:\/\/archive.sana.sy\/tr\/index.php?rest_route=\/wp\/v2\/types\/post"}],"author":[{"embeddable":true,"href":"https:\/\/archive.sana.sy\/tr\/index.php?rest_route=\/wp\/v2\/users\/1"}],"replies":[{"embeddable":true,"href":"https:\/\/archive.sana.sy\/tr\/index.php?rest_route=%2Fwp%2Fv2%2Fcomments&post=55379"}],"version-history":[{"count":0,"href":"https:\/\/archive.sana.sy\/tr\/index.php?rest_route=\/wp\/v2\/posts\/55379\/revisions"}],"wp:featuredmedia":[{"embeddable":true,"href":"https:\/\/archive.sana.sy\/tr\/index.php?rest_route=\/wp\/v2\/media\/55380"}],"wp:attachment":[{"href":"https:\/\/archive.sana.sy\/tr\/index.php?rest_route=%2Fwp%2Fv2%2Fmedia&parent=55379"}],"wp:term":[{"taxonomy":"category","embeddable":true,"href":"https:\/\/archive.sana.sy\/tr\/index.php?rest_route=%2Fwp%2Fv2%2Fcategories&post=55379"},{"taxonomy":"post_tag","embeddable":true,"href":"https:\/\/archive.sana.sy\/tr\/index.php?rest_route=%2Fwp%2Fv2%2Ftags&post=55379"}],"curies":[{"name":"wp","href":"https:\/\/api.w.org\/{rel}","templated":true}]}}