{"id":55386,"date":"2015-12-14T14:37:02","date_gmt":"2015-12-14T12:37:02","guid":{"rendered":"http:\/\/www.sana.sy\/tr\/?p=55386"},"modified":"2015-12-15T14:38:39","modified_gmt":"2015-12-15T12:38:39","slug":"cumhurbaskani-el-esad-hindistan-cumhuriyeti-buyukelcisi-man-mohan-bhanotun-guven-mektubunu-kabul-etti","status":"publish","type":"post","link":"https:\/\/archive.sana.sy\/tr\/?p=55386","title":{"rendered":"Cumhurba\u015fkan\u0131 el Esad Hindistan Cumhuriyeti B\u00fcy\u00fckel\u00e7isi Man Mohan Bhanot&#8217;un g\u00fcven mektubunu kabul etti"},"content":{"rendered":"<p>Cumhurba\u015fkan\u0131 el Esad Hindistan Cumhuriyeti B\u00fcy\u00fckel\u00e7isi Man Mohan Bhanot&#8217;un g\u00fcven mektubunu kabul etti.<\/p>\n<p><img loading=\"lazy\" decoding=\"async\" class=\"aligncenter wp-image-55390 size-large\" src=\"http:\/\/www.sana.sy\/tr\/wp-content\/uploads\/2015\/12\/\u0627\u0644\u0647\u0646\u062f-1-1024x705.jpg\" alt=\"\u0627\u0644\u0647\u0646\u062f 1\" width=\"618\" height=\"425\" srcset=\"https:\/\/archive.sana.sy\/tr\/wp-content\/uploads\/2015\/12\/\u0627\u0644\u0647\u0646\u062f-1-1024x705.jpg 1024w, https:\/\/archive.sana.sy\/tr\/wp-content\/uploads\/2015\/12\/\u0627\u0644\u0647\u0646\u062f-1-150x103.jpg 150w, https:\/\/archive.sana.sy\/tr\/wp-content\/uploads\/2015\/12\/\u0627\u0644\u0647\u0646\u062f-1-300x206.jpg 300w, https:\/\/archive.sana.sy\/tr\/wp-content\/uploads\/2015\/12\/\u0627\u0644\u0647\u0646\u062f-1-768x528.jpg 768w, https:\/\/archive.sana.sy\/tr\/wp-content\/uploads\/2015\/12\/\u0627\u0644\u0647\u0646\u062f-1-110x75.jpg 110w\" sizes=\"auto, (max-width: 618px) 100vw, 618px\" \/><\/p>\n<p>&nbsp;<\/p>\n","protected":false},"excerpt":{"rendered":"<p>Cumhurba\u015fkan\u0131 el Esad Hindistan Cumhuriyeti B\u00fcy\u00fckel\u00e7isi Man Mohan Bhanot&#8217;un g\u00fcven mektubunu kabul etti. &nbsp;<\/p>\n","protected":false},"author":1,"featured_media":55389,"comment_status":"closed","ping_status":"closed","sticky":false,"template":"","format":"standard","meta":{"footnotes":""},"categories":[6459],"tags":[],"class_list":["post-55386","post","type-post","status-publish","format-standard","has-post-thumbnail","","category-sana-fotolarl"],"_links":{"self":[{"href":"https:\/\/archive.sana.sy\/tr\/index.php?rest_route=\/wp\/v2\/posts\/55386","targetHints":{"allow":["GET"]}}],"collection":[{"href":"https:\/\/archive.sana.sy\/tr\/index.php?rest_route=\/wp\/v2\/posts"}],"about":[{"href":"https:\/\/archive.sana.sy\/tr\/index.php?rest_route=\/wp\/v2\/types\/post"}],"author":[{"embeddable":true,"href":"https:\/\/archive.sana.sy\/tr\/index.php?rest_route=\/wp\/v2\/users\/1"}],"replies":[{"embeddable":true,"href":"https:\/\/archive.sana.sy\/tr\/index.php?rest_route=%2Fwp%2Fv2%2Fcomments&post=55386"}],"version-history":[{"count":0,"href":"https:\/\/archive.sana.sy\/tr\/index.php?rest_route=\/wp\/v2\/posts\/55386\/revisions"}],"wp:featuredmedia":[{"embeddable":true,"href":"https:\/\/archive.sana.sy\/tr\/index.php?rest_route=\/wp\/v2\/media\/55389"}],"wp:attachment":[{"href":"https:\/\/archive.sana.sy\/tr\/index.php?rest_route=%2Fwp%2Fv2%2Fmedia&parent=55386"}],"wp:term":[{"taxonomy":"category","embeddable":true,"href":"https:\/\/archive.sana.sy\/tr\/index.php?rest_route=%2Fwp%2Fv2%2Fcategories&post=55386"},{"taxonomy":"post_tag","embeddable":true,"href":"https:\/\/archive.sana.sy\/tr\/index.php?rest_route=%2Fwp%2Fv2%2Ftags&post=55386"}],"curies":[{"name":"wp","href":"https:\/\/api.w.org\/{rel}","templated":true}]}}