{"id":55387,"date":"2015-12-14T14:37:04","date_gmt":"2015-12-14T12:37:04","guid":{"rendered":"http:\/\/www.sana.sy\/tr\/?p=55387"},"modified":"2015-12-15T14:40:55","modified_gmt":"2015-12-15T12:40:55","slug":"cumhurbaskani-el-esad-kuba-cumhuriyeti-buyukelcisi-rogerio-manuel-santana-rodriguezin-guven-mektubunu-kabul-etti","status":"publish","type":"post","link":"https:\/\/archive.sana.sy\/tr\/?p=55387","title":{"rendered":"Cumhurba\u015fkan\u0131 el Esad K\u00fcba Cumhuriyeti B\u00fcy\u00fckel\u00e7isi Rogerio Manuel Santana Rodriguez&#8217;in g\u00fcven mektubunu kabul etti."},"content":{"rendered":"<p>Cumhurba\u015fkan\u0131 el Esad K\u00fcba Cumhuriyeti B\u00fcy\u00fckel\u00e7isi Rogerio Manuel Santana Rodriguez&#8217;in g\u00fcven mektubunu kabul etti.<\/p>\n<p><img loading=\"lazy\" decoding=\"async\" class=\"aligncenter wp-image-55392 size-large\" src=\"http:\/\/www.sana.sy\/tr\/wp-content\/uploads\/2015\/12\/\u0643\u0648\u0628\u0627-1-1024x565.jpg\" alt=\"\u0643\u0648\u0628\u0627 1\" width=\"618\" height=\"341\" srcset=\"https:\/\/archive.sana.sy\/tr\/wp-content\/uploads\/2015\/12\/\u0643\u0648\u0628\u0627-1-1024x565.jpg 1024w, https:\/\/archive.sana.sy\/tr\/wp-content\/uploads\/2015\/12\/\u0643\u0648\u0628\u0627-1-150x83.jpg 150w, https:\/\/archive.sana.sy\/tr\/wp-content\/uploads\/2015\/12\/\u0643\u0648\u0628\u0627-1-300x166.jpg 300w, https:\/\/archive.sana.sy\/tr\/wp-content\/uploads\/2015\/12\/\u0643\u0648\u0628\u0627-1-768x424.jpg 768w\" sizes=\"auto, (max-width: 618px) 100vw, 618px\" \/><\/p>\n","protected":false},"excerpt":{"rendered":"<p>Cumhurba\u015fkan\u0131 el Esad K\u00fcba Cumhuriyeti B\u00fcy\u00fckel\u00e7isi Rogerio Manuel Santana Rodriguez&#8217;in g\u00fcven mektubunu kabul etti.<\/p>\n","protected":false},"author":1,"featured_media":55393,"comment_status":"closed","ping_status":"closed","sticky":false,"template":"","format":"standard","meta":{"footnotes":""},"categories":[6459],"tags":[],"class_list":["post-55387","post","type-post","status-publish","format-standard","has-post-thumbnail","","category-sana-fotolarl"],"_links":{"self":[{"href":"https:\/\/archive.sana.sy\/tr\/index.php?rest_route=\/wp\/v2\/posts\/55387","targetHints":{"allow":["GET"]}}],"collection":[{"href":"https:\/\/archive.sana.sy\/tr\/index.php?rest_route=\/wp\/v2\/posts"}],"about":[{"href":"https:\/\/archive.sana.sy\/tr\/index.php?rest_route=\/wp\/v2\/types\/post"}],"author":[{"embeddable":true,"href":"https:\/\/archive.sana.sy\/tr\/index.php?rest_route=\/wp\/v2\/users\/1"}],"replies":[{"embeddable":true,"href":"https:\/\/archive.sana.sy\/tr\/index.php?rest_route=%2Fwp%2Fv2%2Fcomments&post=55387"}],"version-history":[{"count":0,"href":"https:\/\/archive.sana.sy\/tr\/index.php?rest_route=\/wp\/v2\/posts\/55387\/revisions"}],"wp:featuredmedia":[{"embeddable":true,"href":"https:\/\/archive.sana.sy\/tr\/index.php?rest_route=\/wp\/v2\/media\/55393"}],"wp:attachment":[{"href":"https:\/\/archive.sana.sy\/tr\/index.php?rest_route=%2Fwp%2Fv2%2Fmedia&parent=55387"}],"wp:term":[{"taxonomy":"category","embeddable":true,"href":"https:\/\/archive.sana.sy\/tr\/index.php?rest_route=%2Fwp%2Fv2%2Fcategories&post=55387"},{"taxonomy":"post_tag","embeddable":true,"href":"https:\/\/archive.sana.sy\/tr\/index.php?rest_route=%2Fwp%2Fv2%2Ftags&post=55387"}],"curies":[{"name":"wp","href":"https:\/\/api.w.org\/{rel}","templated":true}]}}