{"id":55397,"date":"2015-12-15T09:27:49","date_gmt":"2015-12-15T07:27:49","guid":{"rendered":"http:\/\/www.sana.sy\/tr\/?p=55397"},"modified":"2015-12-15T16:28:57","modified_gmt":"2015-12-15T14:28:57","slug":"isidin-kalemun-seriat-kadisi-olduruldu","status":"publish","type":"post","link":"https:\/\/archive.sana.sy\/tr\/?p=55397","title":{"rendered":"I\u015e\u0130D\u2019in Kalemun \u015eeriat Kad\u0131s\u0131 \u00d6ld\u00fcr\u00fcld\u00fc"},"content":{"rendered":"<p>BEYRUT \u2013 L\u00fcbnan ulusal direni\u015f g\u00fc\u00e7leri L\u00fcbnan&#8217;\u0131n Suriye s\u0131n\u0131rlar\u0131na yak\u0131n Ras Bealbek Da\u011flar\u0131nda ger\u00e7ekle\u015ftirdikleri nitelikli bir operasyonla I\u015e\u0130D ter\u00f6r \u00f6rg\u00fct\u00fcn\u00fcn s\u00f6zde \u2018\u015feriat kad\u0131s\u0131 Ebu Abdullah Amir\u2019i \u00f6ld\u00fcrd\u00fc.<\/p>\n<p>Menar Televizyonu direni\u015f g\u00fc\u00e7lerinin s\u00f6z konusu ter\u00f6r eleba\u015f\u0131n\u0131n kulland\u0131\u011f\u0131 arac\u0131n ge\u00e7i\u015fi s\u0131ras\u0131nda yol kenar\u0131na yerle\u015ftirdikleri bir bomba d\u00fczene\u011fini havaya u\u00e7urduklar\u0131n\u0131 ifade etti.<\/p>\n<p>L\u00fcbnan direni\u015f g\u00fc\u00e7leri iki g\u00fcn \u00f6nce el Hamra Tepelerine s\u0131zmaya \u00e7al\u0131\u015fan I\u015e\u0130D tekfircilerine kar\u015f\u0131 koyarak onlarcas\u0131n\u0131 \u00f6ld\u00fcrm\u00fc\u015flerdi.<\/p>\n","protected":false},"excerpt":{"rendered":"<p>BEYRUT \u2013 L\u00fcbnan ulusal direni\u015f g\u00fc\u00e7leri L\u00fcbnan&#8217;\u0131n Suriye s\u0131n\u0131rlar\u0131na yak\u0131n Ras Bealbek Da\u011flar\u0131nda ger\u00e7ekle\u015ftirdikleri nitelikli bir operasyonla I\u015e\u0130D ter\u00f6r \u00f6rg\u00fct\u00fcn\u00fcn s\u00f6zde \u2018\u015feriat kad\u0131s\u0131 Ebu Abdullah Amir\u2019i \u00f6ld\u00fcrd\u00fc. Menar Televizyonu direni\u015f g\u00fc\u00e7lerinin s\u00f6z konusu ter\u00f6r eleba\u015f\u0131n\u0131n kulland\u0131\u011f\u0131 arac\u0131n ge\u00e7i\u015fi s\u0131ras\u0131nda yol kenar\u0131na yerle\u015ftirdikleri bir bomba d\u00fczene\u011fini havaya u\u00e7urduklar\u0131n\u0131 ifade etti. L\u00fcbnan direni\u015f g\u00fc\u00e7leri iki g\u00fcn \u00f6nce &hellip;<\/p>\n","protected":false},"author":1,"featured_media":55398,"comment_status":"closed","ping_status":"closed","sticky":false,"template":"","format":"standard","meta":{"footnotes":""},"categories":[458,459,17988],"tags":[],"class_list":["post-55397","post","type-post","status-publish","format-standard","has-post-thumbnail","","category-dunya1","category-haberler-arap-uluslararasi-politika","category-son-haberler"],"_links":{"self":[{"href":"https:\/\/archive.sana.sy\/tr\/index.php?rest_route=\/wp\/v2\/posts\/55397","targetHints":{"allow":["GET"]}}],"collection":[{"href":"https:\/\/archive.sana.sy\/tr\/index.php?rest_route=\/wp\/v2\/posts"}],"about":[{"href":"https:\/\/archive.sana.sy\/tr\/index.php?rest_route=\/wp\/v2\/types\/post"}],"author":[{"embeddable":true,"href":"https:\/\/archive.sana.sy\/tr\/index.php?rest_route=\/wp\/v2\/users\/1"}],"replies":[{"embeddable":true,"href":"https:\/\/archive.sana.sy\/tr\/index.php?rest_route=%2Fwp%2Fv2%2Fcomments&post=55397"}],"version-history":[{"count":0,"href":"https:\/\/archive.sana.sy\/tr\/index.php?rest_route=\/wp\/v2\/posts\/55397\/revisions"}],"wp:featuredmedia":[{"embeddable":true,"href":"https:\/\/archive.sana.sy\/tr\/index.php?rest_route=\/wp\/v2\/media\/55398"}],"wp:attachment":[{"href":"https:\/\/archive.sana.sy\/tr\/index.php?rest_route=%2Fwp%2Fv2%2Fmedia&parent=55397"}],"wp:term":[{"taxonomy":"category","embeddable":true,"href":"https:\/\/archive.sana.sy\/tr\/index.php?rest_route=%2Fwp%2Fv2%2Fcategories&post=55397"},{"taxonomy":"post_tag","embeddable":true,"href":"https:\/\/archive.sana.sy\/tr\/index.php?rest_route=%2Fwp%2Fv2%2Ftags&post=55397"}],"curies":[{"name":"wp","href":"https:\/\/api.w.org\/{rel}","templated":true}]}}