{"id":55405,"date":"2015-12-15T19:42:40","date_gmt":"2015-12-15T17:42:40","guid":{"rendered":"http:\/\/www.sana.sy\/tr\/?p=55405"},"modified":"2015-12-16T19:01:24","modified_gmt":"2015-12-16T17:01:24","slug":"uc-yila-yakin-sureden-sonra-yeniden-faaliyete-dondu","status":"publish","type":"post","link":"https:\/\/archive.sana.sy\/tr\/?p=55405","title":{"rendered":"\u00dc\u00e7 Y\u0131la Yak\u0131n S\u00fcreden Sonra Yeniden Faaliyete D\u00f6nd\u00fc"},"content":{"rendered":"<p>HALEP \u2013 Ordu birliklerimizin Halep k\u0131rsal\u0131nda T\u00fcrkiye ve daha ba\u015fka rejimlerin destek ve komutas\u0131nda faaliyet g\u00f6steren ter\u00f6ristlere kar\u015f\u0131 zaferlerinin bir ta\u00e7land\u0131rmas\u0131 olarak \u00fc\u00f6 y\u0131la yak\u0131n s\u00fcredir ter\u00f6r ablukas\u0131 alt\u0131nda kalan Askeri Havac\u0131l\u0131k Akademisi Kveyris Havaliman\u0131 bug\u00fcn yeniden faaliyete ba\u015flad\u0131.<\/p>\n<p>Askeri kaynak bug\u00fcn SANA\u2019ya yapt\u0131\u011f\u0131 a\u00e7\u0131klamada; Halep ve k\u0131rsal\u0131nda Nusra Cephesi ve I\u015e\u0130D\u2019e y\u00f6nelik ba\u015far\u0131lar ard\u0131ndan bir s\u00fcre \u00f6nce ter\u00f6r ablukas\u0131ndan kurtar\u0131lan Kveyris Havaliman\u0131n\u0131n bug\u00fcn bir dizi helikopterin ini\u015f \u2013 \u00e7\u0131k\u0131\u015f\u0131na tan\u0131k oldu\u011funu ifade etti.<\/p>\n<p>Analistler havaliman\u0131n\u0131n yeniden hizmete ba\u015flamas\u0131n\u0131n ter\u00f6re kar\u015f\u0131 m\u00fccadelede bir d\u00f6n\u00fcm noktas\u0131 te\u015fkil edece\u011fini ifade ederken, havac\u0131l\u0131k akademisinin yeninden pilot e\u011fitimine ba\u015flamas\u0131n\u0131n de \u00f6zellikle mevcut ko\u015fullar i\u00e7inde ta\u015f\u0131d\u0131\u011f\u0131 \u00f6neme vurgu yapt\u0131.<\/p>\n<p>Halep Kentinin yakla\u015f\u0131k 40 km do\u011fusuna d\u00fc\u015fen havaliman\u0131n\u0131n komutan\u0131 T\u00fcmgeneral Munzur Zemam; havaliman\u0131 kahramanlar\u0131n\u0131n ter\u00f6r ablukas\u0131 alt\u0131nda yazd\u0131klar\u0131 \u015fan destanlar\u0131ndan sonra vatan\u0131n her kar\u0131\u015f topra\u011f\u0131n\u0131 savunma kararl\u0131l\u0131\u011f\u0131nda olduklar\u0131n\u0131n alt\u0131n\u0131 \u00e7izdi.<\/p>\n<p>Havaliman\u0131n\u0131 ter\u00f6r ablukas\u0131ndan kurtaran Albay S\u00fcheyl el Hasan ise ordunun Halep k\u0131rsal\u0131nda ter\u00f6re kar\u015f\u0131 zaferlerini emin ad\u0131mlarla s\u00fcrd\u00fcrmekte oldu\u011funa dikkat \u00e7ekerken, vatan\u0131n istisnas\u0131z her kar\u0131\u015f topra\u011f\u0131n\u0131 ter\u00f6r kirinden temizleme kararl\u0131l\u0131\u011f\u0131nda oldu\u011funu vurgulad\u0131.<\/p>\n","protected":false},"excerpt":{"rendered":"<p>HALEP \u2013 Ordu birliklerimizin Halep k\u0131rsal\u0131nda T\u00fcrkiye ve daha ba\u015fka rejimlerin destek ve komutas\u0131nda faaliyet g\u00f6steren ter\u00f6ristlere kar\u015f\u0131 zaferlerinin bir ta\u00e7land\u0131rmas\u0131 olarak \u00fc\u00f6 y\u0131la yak\u0131n s\u00fcredir ter\u00f6r ablukas\u0131 alt\u0131nda kalan Askeri Havac\u0131l\u0131k Akademisi Kveyris Havaliman\u0131 bug\u00fcn yeniden faaliyete ba\u015flad\u0131. Askeri kaynak bug\u00fcn SANA\u2019ya yapt\u0131\u011f\u0131 a\u00e7\u0131klamada; Halep ve k\u0131rsal\u0131nda Nusra Cephesi ve I\u015e\u0130D\u2019e y\u00f6nelik ba\u015far\u0131lar ard\u0131ndan &hellip;<\/p>\n","protected":false},"author":1,"featured_media":55406,"comment_status":"closed","ping_status":"closed","sticky":false,"template":"","format":"standard","meta":{"footnotes":""},"categories":[575],"tags":[18105],"class_list":["post-55405","post","type-post","status-publish","format-standard","has-post-thumbnail","","category-olaylar-ve-gercekler","tag-uc-yila-yakin-sureden-sonra-yeniden-faaliyete-dondu"],"_links":{"self":[{"href":"https:\/\/archive.sana.sy\/tr\/index.php?rest_route=\/wp\/v2\/posts\/55405","targetHints":{"allow":["GET"]}}],"collection":[{"href":"https:\/\/archive.sana.sy\/tr\/index.php?rest_route=\/wp\/v2\/posts"}],"about":[{"href":"https:\/\/archive.sana.sy\/tr\/index.php?rest_route=\/wp\/v2\/types\/post"}],"author":[{"embeddable":true,"href":"https:\/\/archive.sana.sy\/tr\/index.php?rest_route=\/wp\/v2\/users\/1"}],"replies":[{"embeddable":true,"href":"https:\/\/archive.sana.sy\/tr\/index.php?rest_route=%2Fwp%2Fv2%2Fcomments&post=55405"}],"version-history":[{"count":0,"href":"https:\/\/archive.sana.sy\/tr\/index.php?rest_route=\/wp\/v2\/posts\/55405\/revisions"}],"wp:featuredmedia":[{"embeddable":true,"href":"https:\/\/archive.sana.sy\/tr\/index.php?rest_route=\/wp\/v2\/media\/55406"}],"wp:attachment":[{"href":"https:\/\/archive.sana.sy\/tr\/index.php?rest_route=%2Fwp%2Fv2%2Fmedia&parent=55405"}],"wp:term":[{"taxonomy":"category","embeddable":true,"href":"https:\/\/archive.sana.sy\/tr\/index.php?rest_route=%2Fwp%2Fv2%2Fcategories&post=55405"},{"taxonomy":"post_tag","embeddable":true,"href":"https:\/\/archive.sana.sy\/tr\/index.php?rest_route=%2Fwp%2Fv2%2Ftags&post=55405"}],"curies":[{"name":"wp","href":"https:\/\/api.w.org\/{rel}","templated":true}]}}