{"id":55408,"date":"2015-12-15T12:59:20","date_gmt":"2015-12-15T10:59:20","guid":{"rendered":"http:\/\/www.sana.sy\/tr\/?p=55408"},"modified":"2015-12-16T14:00:38","modified_gmt":"2015-12-16T12:00:38","slug":"5-tehlikeli-teroristin-olduruldugu-itiraf-etti","status":"publish","type":"post","link":"https:\/\/archive.sana.sy\/tr\/?p=55408","title":{"rendered":"5 Tehlikeli Ter\u00f6ristin \u00d6ld\u00fcr\u00fcld\u00fc\u011f\u00fc \u0130tiraf Etti"},"content":{"rendered":"<p>DERA \u2013 Ter\u00f6r \u00f6rg\u00fctleri medya ara\u00e7lar\u0131nda \u2018Horan ve el Kunaytra\u2019da Dar el Adl Mahkemesi\u2019 olarak adland\u0131rd\u0131klar\u0131 ter\u00f6r olu\u015fumunun ba\u015fkan\u0131 Usama el Yetim ve daha ba\u015fka bir\u00e7ok ter\u00f6ristin \u00f6ld\u00fc\u011f\u00fcn\u00fc itiraf etti.<\/p>\n<p>Ter\u00f6r \u00f6rg\u00fctleri; me\u00e7hul ki\u015filerin Dera \u2013 Sayda yoluna yerle\u015ftirdikleri bomba d\u00fczene\u011fini havaya u\u00e7urmalar\u0131 sonucunda Usama el Yetim\u2019in yan\u0131 s\u0131ra iki karde\u015fi Muaz ve Muahnned\u2019e ek olarak az\u0131l\u0131 ter\u00f6r eleba\u015f\u0131n\u0131n iki korumas\u0131 \u0130brahim Savaya Ahmet Savaya\u2019n\u0131n \u00f6ld\u00fcklerini a\u00e7\u0131klad\u0131.<\/p>\n<p>M.M<\/p>\n","protected":false},"excerpt":{"rendered":"<p>DERA \u2013 Ter\u00f6r \u00f6rg\u00fctleri medya ara\u00e7lar\u0131nda \u2018Horan ve el Kunaytra\u2019da Dar el Adl Mahkemesi\u2019 olarak adland\u0131rd\u0131klar\u0131 ter\u00f6r olu\u015fumunun ba\u015fkan\u0131 Usama el Yetim ve daha ba\u015fka bir\u00e7ok ter\u00f6ristin \u00f6ld\u00fc\u011f\u00fcn\u00fc itiraf etti. Ter\u00f6r \u00f6rg\u00fctleri; me\u00e7hul ki\u015filerin Dera \u2013 Sayda yoluna yerle\u015ftirdikleri bomba d\u00fczene\u011fini havaya u\u00e7urmalar\u0131 sonucunda Usama el Yetim\u2019in yan\u0131 s\u0131ra iki karde\u015fi Muaz ve Muahnned\u2019e ek &hellip;<\/p>\n","protected":false},"author":1,"featured_media":55466,"comment_status":"closed","ping_status":"closed","sticky":false,"template":"","format":"standard","meta":{"footnotes":""},"categories":[575,17988],"tags":[],"class_list":["post-55408","post","type-post","status-publish","format-standard","has-post-thumbnail","","category-olaylar-ve-gercekler","category-son-haberler"],"_links":{"self":[{"href":"https:\/\/archive.sana.sy\/tr\/index.php?rest_route=\/wp\/v2\/posts\/55408","targetHints":{"allow":["GET"]}}],"collection":[{"href":"https:\/\/archive.sana.sy\/tr\/index.php?rest_route=\/wp\/v2\/posts"}],"about":[{"href":"https:\/\/archive.sana.sy\/tr\/index.php?rest_route=\/wp\/v2\/types\/post"}],"author":[{"embeddable":true,"href":"https:\/\/archive.sana.sy\/tr\/index.php?rest_route=\/wp\/v2\/users\/1"}],"replies":[{"embeddable":true,"href":"https:\/\/archive.sana.sy\/tr\/index.php?rest_route=%2Fwp%2Fv2%2Fcomments&post=55408"}],"version-history":[{"count":0,"href":"https:\/\/archive.sana.sy\/tr\/index.php?rest_route=\/wp\/v2\/posts\/55408\/revisions"}],"wp:featuredmedia":[{"embeddable":true,"href":"https:\/\/archive.sana.sy\/tr\/index.php?rest_route=\/wp\/v2\/media\/55466"}],"wp:attachment":[{"href":"https:\/\/archive.sana.sy\/tr\/index.php?rest_route=%2Fwp%2Fv2%2Fmedia&parent=55408"}],"wp:term":[{"taxonomy":"category","embeddable":true,"href":"https:\/\/archive.sana.sy\/tr\/index.php?rest_route=%2Fwp%2Fv2%2Fcategories&post=55408"},{"taxonomy":"post_tag","embeddable":true,"href":"https:\/\/archive.sana.sy\/tr\/index.php?rest_route=%2Fwp%2Fv2%2Ftags&post=55408"}],"curies":[{"name":"wp","href":"https:\/\/api.w.org\/{rel}","templated":true}]}}