{"id":55428,"date":"2015-12-16T09:00:05","date_gmt":"2015-12-16T07:00:05","guid":{"rendered":"http:\/\/www.sana.sy\/tr\/?p=55428"},"modified":"2015-12-16T19:00:36","modified_gmt":"2015-12-16T17:00:36","slug":"lavrov-konferansa-katilacak","status":"publish","type":"post","link":"https:\/\/archive.sana.sy\/tr\/?p=55428","title":{"rendered":"Lavrov Konferansa Kat\u0131lacak"},"content":{"rendered":"<p>MOSKOVA \u2013 Rusya D\u0131\u015fi\u015fleri Bakanl\u0131\u011f\u0131 S\u00f6zc\u00fcs\u00fc Maria Zakharova D\u0131\u015fi\u015fleri Bakan\u0131 Sergey Lavorv\u2019un \u00f6n\u00fcm\u00fczdeki Cuma g\u00fcn\u00fc New York\u2019ta Suriye konulu d\u00fczenlenecek uluslar aras\u0131 konferansa kat\u0131laca\u011f\u0131n\u0131 ilan etti.<\/p>\n<p>Zakharova bug\u00fcn d\u00fczenledi\u011fi bas\u0131n toplant\u0131s\u0131nda s\u00f6z konusu konferansta 30 Ekim ve 14 Kas\u0131m tarihlerinde Viyana\u2019da yap\u0131lan toplant\u0131larda \u00fcst\u00fcne anla\u015f\u0131lan ilkelerin G\u00fcvenlik Konseyinde tespit edilmeleri y\u00f6n\u00fcnde bir karar tasar\u0131s\u0131 haz\u0131rlanmas\u0131 umudunu ifade etti.<\/p>\n<p>Rusya&#8217;n\u0131n Suriye&#8217;deki kriz ve b\u00f6lge meselelerinde kesinlikle tutumunu de\u011fi\u015ftirmedi\u011fini vurgulayan Zakharavo; fakat T\u00fcrkiye rejiminin Suriye hava sahas\u0131nda Rus bir u\u00e7a\u011f\u0131 d\u00fc\u015f\u00fcrmesiyle Ankara ile anla\u015fmazl\u0131klar\u0131n\u0131 de\u015fifre etmek zorunda kald\u0131\u011f\u0131n\u0131 ifade etti. Zakharova Moskova ile Ankara aras\u0131ndaki anla\u015fmazl\u0131klar\u0131n eski oldu\u011funu, fakat u\u00e7ak meselesi olmadan \u00f6nce Moskova&#8217;n\u0131n bu anla\u015fmazl\u0131klar\u0131 diplomatik yollarla \u00e7\u00f6zmeye \u00e7al\u0131\u015ft\u0131\u011f\u0131na dikkat \u00e7ekti.<\/p>\n<p>Ankara\u2019n\u0131n medya kanallar\u0131 arac\u0131yla mant\u0131ks\u0131z tutumlarda bulundu\u011funa dikkat \u00e7eken Zakharova, T\u00fcrkiye medyas\u0131n\u0131 mant\u0131kl\u0131 davranmaya ve kamuoyunu d\u00fcr\u00fcst bir \u015fekilde bilin\u00e7lendirmeye \u00e7a\u011f\u0131rd\u0131.<\/p>\n<p>R.H.<\/p>\n","protected":false},"excerpt":{"rendered":"<p>MOSKOVA \u2013 Rusya D\u0131\u015fi\u015fleri Bakanl\u0131\u011f\u0131 S\u00f6zc\u00fcs\u00fc Maria Zakharova D\u0131\u015fi\u015fleri Bakan\u0131 Sergey Lavorv\u2019un \u00f6n\u00fcm\u00fczdeki Cuma g\u00fcn\u00fc New York\u2019ta Suriye konulu d\u00fczenlenecek uluslar aras\u0131 konferansa kat\u0131laca\u011f\u0131n\u0131 ilan etti. Zakharova bug\u00fcn d\u00fczenledi\u011fi bas\u0131n toplant\u0131s\u0131nda s\u00f6z konusu konferansta 30 Ekim ve 14 Kas\u0131m tarihlerinde Viyana\u2019da yap\u0131lan toplant\u0131larda \u00fcst\u00fcne anla\u015f\u0131lan ilkelerin G\u00fcvenlik Konseyinde tespit edilmeleri y\u00f6n\u00fcnde bir karar tasar\u0131s\u0131 haz\u0131rlanmas\u0131 &hellip;<\/p>\n","protected":false},"author":1,"featured_media":55429,"comment_status":"closed","ping_status":"closed","sticky":false,"template":"","format":"standard","meta":{"footnotes":""},"categories":[458,459,17988],"tags":[18108],"class_list":["post-55428","post","type-post","status-publish","format-standard","has-post-thumbnail","","category-dunya1","category-haberler-arap-uluslararasi-politika","category-son-haberler","tag-lavrov-konferansa-katilacak"],"_links":{"self":[{"href":"https:\/\/archive.sana.sy\/tr\/index.php?rest_route=\/wp\/v2\/posts\/55428","targetHints":{"allow":["GET"]}}],"collection":[{"href":"https:\/\/archive.sana.sy\/tr\/index.php?rest_route=\/wp\/v2\/posts"}],"about":[{"href":"https:\/\/archive.sana.sy\/tr\/index.php?rest_route=\/wp\/v2\/types\/post"}],"author":[{"embeddable":true,"href":"https:\/\/archive.sana.sy\/tr\/index.php?rest_route=\/wp\/v2\/users\/1"}],"replies":[{"embeddable":true,"href":"https:\/\/archive.sana.sy\/tr\/index.php?rest_route=%2Fwp%2Fv2%2Fcomments&post=55428"}],"version-history":[{"count":0,"href":"https:\/\/archive.sana.sy\/tr\/index.php?rest_route=\/wp\/v2\/posts\/55428\/revisions"}],"wp:featuredmedia":[{"embeddable":true,"href":"https:\/\/archive.sana.sy\/tr\/index.php?rest_route=\/wp\/v2\/media\/55429"}],"wp:attachment":[{"href":"https:\/\/archive.sana.sy\/tr\/index.php?rest_route=%2Fwp%2Fv2%2Fmedia&parent=55428"}],"wp:term":[{"taxonomy":"category","embeddable":true,"href":"https:\/\/archive.sana.sy\/tr\/index.php?rest_route=%2Fwp%2Fv2%2Fcategories&post=55428"},{"taxonomy":"post_tag","embeddable":true,"href":"https:\/\/archive.sana.sy\/tr\/index.php?rest_route=%2Fwp%2Fv2%2Ftags&post=55428"}],"curies":[{"name":"wp","href":"https:\/\/api.w.org\/{rel}","templated":true}]}}