{"id":55448,"date":"2015-12-16T08:35:27","date_gmt":"2015-12-16T06:35:27","guid":{"rendered":"http:\/\/www.sana.sy\/tr\/?p=55448"},"modified":"2015-12-16T13:46:21","modified_gmt":"2015-12-16T11:46:21","slug":"kullandiklari-tunel-sebekesi-bulundu-video","status":"publish","type":"post","link":"https:\/\/archive.sana.sy\/tr\/?p=55448","title":{"rendered":"Kulland\u0131klar\u0131 T\u00fcnel \u015eebekesi Bulundu (video)"},"content":{"rendered":"<p>\u015eAM KIRSALI \u2013 Ordu birliklerimiz \u015eam k\u0131rsal\u0131n\u0131n Do\u011fu \u011euta B\u00f6lgesinde ter\u00f6rden temizledikleri Merc el Sultan Beldesinde ter\u00f6ristlerin bertaraf olmadan \u00f6nce kulland\u0131klar\u0131 karma\u015f\u0131k bir t\u00fcnel ve hendek \u015febekesi ele ge\u00e7irdi.<\/p>\n<p>Beldede yap\u0131lan arama tarama operasyonlar\u0131nda ter\u00f6r \u00e7etelerinin arkalar\u0131nda b\u0131rakt\u0131klar\u0131 muhtelif t\u00fcr silah ve m\u00fchimmat\u0131n yan\u0131 s\u0131ra \u00f6nemli belgeler de ele ge\u00e7irildi.<\/p>\n<p>https:\/\/www.youtube.com\/watch?v=kxYX-GvSYKY<\/p>\n","protected":false},"excerpt":{"rendered":"<p>\u015eAM KIRSALI \u2013 Ordu birliklerimiz \u015eam k\u0131rsal\u0131n\u0131n Do\u011fu \u011euta B\u00f6lgesinde ter\u00f6rden temizledikleri Merc el Sultan Beldesinde ter\u00f6ristlerin bertaraf olmadan \u00f6nce kulland\u0131klar\u0131 karma\u015f\u0131k bir t\u00fcnel ve hendek \u015febekesi ele ge\u00e7irdi. Beldede yap\u0131lan arama tarama operasyonlar\u0131nda ter\u00f6r \u00e7etelerinin arkalar\u0131nda b\u0131rakt\u0131klar\u0131 muhtelif t\u00fcr silah ve m\u00fchimmat\u0131n yan\u0131 s\u0131ra \u00f6nemli belgeler de ele ge\u00e7irildi. https:\/\/www.youtube.com\/watch?v=kxYX-GvSYKY<\/p>\n","protected":false},"author":1,"featured_media":55457,"comment_status":"closed","ping_status":"closed","sticky":false,"template":"","format":"standard","meta":{"footnotes":""},"categories":[596,575,17988],"tags":[2695],"class_list":["post-55448","post","type-post","status-publish","format-standard","has-post-thumbnail","","category-fotografli-raporlar","category-olaylar-ve-gercekler","category-son-haberler","tag-ordu-birliklerimiz"],"_links":{"self":[{"href":"https:\/\/archive.sana.sy\/tr\/index.php?rest_route=\/wp\/v2\/posts\/55448","targetHints":{"allow":["GET"]}}],"collection":[{"href":"https:\/\/archive.sana.sy\/tr\/index.php?rest_route=\/wp\/v2\/posts"}],"about":[{"href":"https:\/\/archive.sana.sy\/tr\/index.php?rest_route=\/wp\/v2\/types\/post"}],"author":[{"embeddable":true,"href":"https:\/\/archive.sana.sy\/tr\/index.php?rest_route=\/wp\/v2\/users\/1"}],"replies":[{"embeddable":true,"href":"https:\/\/archive.sana.sy\/tr\/index.php?rest_route=%2Fwp%2Fv2%2Fcomments&post=55448"}],"version-history":[{"count":0,"href":"https:\/\/archive.sana.sy\/tr\/index.php?rest_route=\/wp\/v2\/posts\/55448\/revisions"}],"wp:featuredmedia":[{"embeddable":true,"href":"https:\/\/archive.sana.sy\/tr\/index.php?rest_route=\/wp\/v2\/media\/55457"}],"wp:attachment":[{"href":"https:\/\/archive.sana.sy\/tr\/index.php?rest_route=%2Fwp%2Fv2%2Fmedia&parent=55448"}],"wp:term":[{"taxonomy":"category","embeddable":true,"href":"https:\/\/archive.sana.sy\/tr\/index.php?rest_route=%2Fwp%2Fv2%2Fcategories&post=55448"},{"taxonomy":"post_tag","embeddable":true,"href":"https:\/\/archive.sana.sy\/tr\/index.php?rest_route=%2Fwp%2Fv2%2Ftags&post=55448"}],"curies":[{"name":"wp","href":"https:\/\/api.w.org\/{rel}","templated":true}]}}