{"id":5546,"date":"2014-07-21T11:20:21","date_gmt":"2014-07-21T08:20:21","guid":{"rendered":"http:\/\/www.sana.sy\/tr\/?p=5546"},"modified":"2014-07-21T11:55:04","modified_gmt":"2014-07-21T08:55:04","slug":"halep-homs-kirsallari-dera-ve-kunaytrada-teroristler-ordunun-hedefinde","status":"publish","type":"post","link":"https:\/\/archive.sana.sy\/tr\/?p=5546","title":{"rendered":"Halep, Homs K\u0131rsallar\u0131 Dera ve Kunaytra\u2019da Ter\u00f6ristler Ordunun Hedefinde"},"content":{"rendered":"<p>\u0130LLER \u2013 Kahraman Ordu birliklerimizin silahl\u0131 ter\u00f6rist gruplar\u0131na y\u00f6nelik ba\u015far\u0131l\u0131 operasyonlar\u0131 t\u00fcm h\u0131z\u0131yla s\u00fcrerken ter\u00f6ristlerin a\u011f\u0131r kay\u0131plar\u0131 devam ediyor.<\/p>\n<p><span style=\"color: #0000ff\">Halep ve K\u0131rsal\u0131nda Ter\u00f6ristler \u00d6ld\u00fcr\u00fcld\u00fc Silah ve Cephaneleri \u0130mha Edildi<\/span><\/p>\n<p>Ordu birliklerimiz Halep ve k\u0131rsal\u0131n\u0131n muhtelif yerlerinde ter\u00f6ristlerin toplanma yerleri ve h\u00fccrelerini hedef ald\u0131 \u00e7ok say\u0131da ter\u00f6risti \u00f6l\u00fc ve yaral\u0131 d\u00fc\u015f\u00fcrd\u00fc su\u00e7 eylemlerinde kulland\u0131klar\u0131 aralar\u0131nda a\u011f\u0131r taramal\u0131 silahlar\u0131n monte edildi\u011fi ara\u00e7lar\u0131n bulundu\u011fu silah ve cephanelerini imha etti.<\/p>\n<p>Askeri kaynak, ordu birliklerimizin Halep ve k\u0131rsal\u0131n\u0131n Abtin, Kubbetan el Cebel, Hur, \u015eeyh Sait, Kefar Ha\u015fer, Mayer, Ramusiye, Keram Meysar, Serbest B\u00f6lge, Helvaniye, Eski Halep, Hendek Caddesi ve Hacip\u2019te \u00e7ok say\u0131da ter\u00f6risti \u00f6ld\u00fcrd\u00fcklerini silah ve su\u00e7 edatlar\u0131n\u0131 da imha ettiklerini ifade etti.<\/p>\n<p>Ordu birlikleri ayr\u0131ca Hanano, Kubbetan el Cebel, Anadan, termal Santralin kuzeyi, Deyr Hafer, Kefar Hamra, Kastillo, Gondol ve \u015eeyh L\u00fctfi\u2019de ter\u00f6ristlerin ara\u00e7lar\u0131n\u0131 i\u00e7indekilerle beraber etkisiz hale getirdiklerini ifade etti.<\/p>\n<p><span style=\"color: #0000ff\">\u0130dlib K\u0131rsal\u0131nda Su\u00e7 Edatlar\u0131yla Birlikte Etkisiz Hale Getiriliyorlar<\/span><\/p>\n<p>Vatan koruyucular\u0131 ordu birliklerimiz \u0130dlib k\u0131rsal\u0131n\u0131n Maar Tabi, Cebel el Arbain civar\u0131, Freyka, Maar tamsarin, Kefroma ve Dinit Tepesi civarlar\u0131nda ter\u00f6r yuvalar\u0131, karargahlar\u0131 ve cephaneliklerini nitelikli operasyonlarla hedef ald\u0131.<\/p>\n<p>Askeri kaynak operasyonlarda y\u00fcksek say\u0131da ter\u00f6ristin \u00f6l\u00fc yaral\u0131 d\u00fc\u015f\u00fcr\u00fcld\u00fcklerini, cephane ve ara\u00e7lar\u0131n\u0131n da imha edildi\u011fini belirtti.<\/p>\n<p><span style=\"color: #0000ff\">Homs Tedmur K\u0131rsal\u0131nda \u00c7ok Say\u0131da Ter\u00f6rist \u00d6ld\u00fcr\u00fcld\u00fc<\/span><\/p>\n<p>Ordu birliklerimiz Homs k\u0131rsal\u0131nda ter\u00f6ristleri kovalama operasyonlar\u0131n\u0131 s\u00fcrd\u00fcrd\u00fc. \u00c7ok say\u0131da ter\u00f6risti \u00f6ld\u00fcrerek silah ve cephanelerine el koydu, ter\u00f6r sald\u0131r\u0131lar\u0131nda kulland\u0131klar\u0131 ara\u00e7lar\u0131n\u0131 da imha etti.<\/p>\n<p>Askeri kaynak, kahraman birliklerimizin Homs k\u0131rsal\u0131 Salam Garbi ve Mesada\u2019da ter\u00f6ristlerin toplanma yerlerini hedef ald\u0131\u011f\u0131n\u0131, bir ter\u00f6rist grubun Um Sahric K\u00f6y\u00fcnden \u015eomariye da\u011flar\u0131na do\u011fru s\u0131zma giri\u015fimlerini \u00e7\u00f6kerttiklerini baz\u0131 elemanlar\u0131n\u0131 da \u00f6ld\u00fcrd\u00fcklerini s\u00f6yledi.<\/p>\n<p>Kaynak, ordu birliklerimizin Homs Tedmur k\u0131rsal\u0131 Cebel el \u015eaer b\u00f6lgesi, Ukeyrbat K\u00f6y\u00fcn\u00fc \u00e7evreleyen tepeler ve el Cezl petrol kuyusu yak\u0131nlar\u0131nda ter\u00f6ristlerin toplanma merkezlerini hedef almas\u0131 sonucunda \u00e7ok say\u0131da ter\u00f6risti \u00f6l\u00fc ve yaral\u0131 d\u00fc\u015f\u00fcrd\u00fc\u011f\u00fcn\u00fc i\u00e7indeki ter\u00f6ristlerle beraber iki z\u0131rhl\u0131 ara\u00e7lar\u0131n\u0131, Karyateyn kuzeydo\u011fusundaki Nasrani Da\u011f\u0131nda silah ve cephane dolu bir arac\u0131 etkisiz hale getirerek i\u00e7indeki silah ve cephaneye el koyduklar\u0131n\u0131 belirtti.<\/p>\n<p>Kaynak, ordu birliklerimizin el Hule Teldev K\u00f6y\u00fcnde bir ter\u00f6r grubunun hedef ald\u0131\u011f\u0131n\u0131 \u00e7ok say\u0131da ter\u00f6risti \u00f6l\u00fc ve yaral\u0131 d\u00fc\u015f\u00fcrd\u00fc\u011f\u00fcn\u00fc, Cebburin y\u00f6n\u00fcndeki Fercaniye K\u00f6y\u00fcnde korunmak i\u00e7in z\u0131rh olarak kulland\u0131klar\u0131 bir buldozeri imha ettiklerini, Kusayr G\u00fcney k\u0131rsal\u0131ndaki Hurbat Cumrah k\u00f6y\u00fcnde bir ter\u00f6r grubunun \u00e7o\u011fu eleman\u0131n\u0131 \u00f6l\u00fc ve yaral\u0131 d\u00fc\u015f\u00fcrd\u00fcklerini ifade etti.<\/p>\n<p><span style=\"color: #0000ff\">Kunaytra K\u0131rsal\u0131nda Ter\u00f6ristlerin S\u0131zma Giri\u015fimleri \u00c7\u00f6kertildi<\/span><\/p>\n<p>Askeri kaynak ordu birliklerimizin Kunaytra k\u0131rsal\u0131 Taranca Beldesinden Dahr el Kassar askeri kontrol noktas\u0131na s\u0131zma giri\u015fimlerini \u00e7\u00f6kerterek ter\u00f6ristlerin aras\u0131nda \u00f6l\u00fc ve yaral\u0131lar\u0131n d\u00fc\u015ft\u00fc\u011f\u00fcn\u00fc ifade etti.<\/p>\n<p>Kaynak, kahraman birliklerimizin Kunaytra k\u0131rsal\u0131 Um Bat\u0131na, Ofanya k\u00f6y ve beldeleriyle Macdolya Beldesinin do\u011fusunda ter\u00f6ristlerin toplanma yerleri ve h\u00fccrelerini hedef ald\u0131\u011f\u0131n\u0131 \u00e7ok say\u0131da ter\u00f6risti \u00f6l\u00fc ve yaral\u0131 d\u00fc\u015f\u00fcrd\u00fcklerini su\u00e7 edatlar\u0131n\u0131 da imha ettiklerini ifade etti.<\/p>\n<p><span style=\"color: #0000ff\">Dera K\u0131rsal\u0131nda Ter\u00f6ristler Z\u0131rhl\u0131 Ara\u00e7lar\u0131yla Etkisiz Hale Getirildi<\/span><\/p>\n<p>Vatan koyucular\u0131 ordu birliklerimiz Dera k\u0131rsal\u0131n\u0131n Hurbat \u011eazale Beldesi civarlar\u0131nda bir\u00e7ok askeri noktaya s\u0131zma giri\u015fimlerinde bulunan ter\u00f6r gruplar\u0131n\u0131 olduk\u00e7a a\u011f\u0131r kay\u0131plarla geri p\u00fcsk\u00fcrtt\u00fc.<\/p>\n<p>Askeri kaynak ordu birliklerimizin \u00e7at\u0131\u015fmalarda aralar\u0131nda eleba\u015flar\u0131n bulundu\u011fu onlarca ter\u00f6ristin \u00f6l\u00fc yaral\u0131 ele ge\u00e7irildiklerini belirtirken, z\u0131rhl\u0131 6 ara\u00e7lar\u0131n\u0131n yan\u0131 s\u0131ra a\u011f\u0131r makineli silahlarla donat\u0131lm\u0131\u015f bir\u00e7ok ara\u00e7lar\u0131n\u0131n da imha edildiklerini aktard\u0131.<\/p>\n<p>\u00d6te yandan askeri kaynak SANA\u2019ya a\u00e7\u0131klamas\u0131nda, ordu ve silahl\u0131 kuvvetlerimize ba\u011fl\u0131 birliklerin Dera k\u0131rsal\u0131 Hurbat Gazala Beldesi \u00e7evresindeki askeri kontrol noktalar\u0131n\u0131n birine s\u0131zma giri\u015fimlerini \u00e7\u00f6kerterek iki z\u0131rhl\u0131 ara\u00e7lar\u0131yla birlikte a\u011f\u0131r taramal\u0131 silahla donat\u0131lm\u0131\u015f bir ara\u00e7lar\u0131n\u0131 imha ettiklerini ve \u00e7ok say\u0131da ter\u00f6risti \u00f6l\u00fc ve yaral\u0131 d\u00fc\u015f\u00fcrd\u00fcklerini s\u00f6yledi.<\/p>\n<p>Kaynak, ordu birliklerinin \u015eeyh Saad,Alma, Tel Seyf, Sura, Anhel, Cize, Bat\u0131 ve Do\u011fu \u011eariye K\u00f6y ve Beldeleriyle Atman Beldesi ortalar\u0131, \u00e7evresi ve Busr el Harir polis Karakolu yak\u0131nlar\u0131, Um el Meyadin Beldesi kav\u015fa\u011f\u0131 ve Tel H\u0131z\u0131r\u2019\u0131n bat\u0131s\u0131nda ter\u00f6ristlerin toplanma yer ve h\u00fccrelerini hedef alarak \u00e7ok say\u0131da ter\u00f6risti \u00f6l\u00fc ve yaral\u0131 d\u00fc\u015f\u00fcrd\u00fcklerini silah ve cephanelerini de imha ettiklerini s\u00f6yledi.<\/p>\n<p>Kaynak bir di\u011fer birli\u011fimizin Dera Beled PTT binas\u0131n\u0131n \u00e7evresi ve Hamadin Mahallesinde baz\u0131 ter\u00f6ristleri \u00f6ld\u00fcrd\u00fcklerini baz\u0131lar\u0131n\u0131 da yaralad\u0131klar\u0131n\u0131, su\u00e7 eylemlerinde kulland\u0131klar\u0131 bir a\u011f\u0131r taramal\u0131 silahla donat\u0131lm\u0131\u015f ara\u00e7 ile 3 motosikletlerini imha ettiklerine i\u015faret etti.<\/p>\n<p>Birliklerimiz ayr\u0131ca, Tafas &#8211; Yaduda ve Tafas &#8211; Atman yollar\u0131 \u00fczerinde i\u00e7indeki ter\u00f6ristlerle birlikte iki arac\u0131 daha imha etti.<\/p>\n<p>Dera k\u0131rsal\u0131n\u0131n Etman Beldesine ilaveten Yaduda \u2013 Tafas karayolu \u00fczerinde ter\u00f6ristlerin k\u00fcmelenme yerlerini hedef alan ordu birliklerimiz \u00e7ok say\u0131da ter\u00f6risti ara\u00e7 ve silahlar\u0131yla birlikte etkisiz hale getirdi.<\/p>\n<p><span style=\"color: #0000ff\">Lazkiye K\u0131rsal\u0131nda Yabanc\u0131 Uyruklu Ter\u00f6ristler \u00d6ld\u00fcr\u00fcld\u00fc<\/span><\/p>\n<p>Askeri kaynak SANA\u2019ya a\u00e7\u0131klamas\u0131nda, ordu birliklerimizin Kuzey Lazkiye k\u0131rsal\u0131 Kensabba Nahiyesi \u00e7evresinde aralar\u0131nda yabanc\u0131 uyruklu ter\u00f6ristlerin bulundu\u011fu bir ter\u00f6r grubunu \u00f6l\u00fc ve yaral\u0131 d\u00fc\u015f\u00fcrd\u00fc\u011f\u00fcn\u00fc, bomba d\u00fczenekleri dolu bir depo ile bir z\u0131rhl\u0131 ara\u00e7lar\u0131n\u0131 imha etiklerini belirtti.<\/p>\n<p>&nbsp;<\/p>\n","protected":false},"excerpt":{"rendered":"<p>\u0130LLER \u2013 Kahraman Ordu birliklerimizin silahl\u0131 ter\u00f6rist gruplar\u0131na y\u00f6nelik ba\u015far\u0131l\u0131 operasyonlar\u0131 t\u00fcm h\u0131z\u0131yla s\u00fcrerken ter\u00f6ristlerin a\u011f\u0131r kay\u0131plar\u0131 devam ediyor. Halep ve K\u0131rsal\u0131nda Ter\u00f6ristler \u00d6ld\u00fcr\u00fcld\u00fc Silah ve Cephaneleri \u0130mha Edildi Ordu birliklerimiz Halep ve k\u0131rsal\u0131n\u0131n muhtelif yerlerinde ter\u00f6ristlerin toplanma yerleri ve h\u00fccrelerini hedef ald\u0131 \u00e7ok say\u0131da ter\u00f6risti \u00f6l\u00fc ve yaral\u0131 d\u00fc\u015f\u00fcrd\u00fc su\u00e7 eylemlerinde kulland\u0131klar\u0131 aralar\u0131nda a\u011f\u0131r &hellip;<\/p>\n","protected":false},"author":1,"featured_media":5547,"comment_status":"closed","ping_status":"closed","sticky":false,"template":"","format":"standard","meta":{"footnotes":""},"categories":[575,478],"tags":[1132,1210],"class_list":["post-5546","post","type-post","status-publish","format-standard","has-post-thumbnail","","category-olaylar-ve-gercekler","category-yerel","tag-halep","tag-homs-kirsallari-dera-ve-kunaytrada-teroristler-ordunun-hedefinde"],"_links":{"self":[{"href":"https:\/\/archive.sana.sy\/tr\/index.php?rest_route=\/wp\/v2\/posts\/5546","targetHints":{"allow":["GET"]}}],"collection":[{"href":"https:\/\/archive.sana.sy\/tr\/index.php?rest_route=\/wp\/v2\/posts"}],"about":[{"href":"https:\/\/archive.sana.sy\/tr\/index.php?rest_route=\/wp\/v2\/types\/post"}],"author":[{"embeddable":true,"href":"https:\/\/archive.sana.sy\/tr\/index.php?rest_route=\/wp\/v2\/users\/1"}],"replies":[{"embeddable":true,"href":"https:\/\/archive.sana.sy\/tr\/index.php?rest_route=%2Fwp%2Fv2%2Fcomments&post=5546"}],"version-history":[{"count":0,"href":"https:\/\/archive.sana.sy\/tr\/index.php?rest_route=\/wp\/v2\/posts\/5546\/revisions"}],"wp:featuredmedia":[{"embeddable":true,"href":"https:\/\/archive.sana.sy\/tr\/index.php?rest_route=\/wp\/v2\/media\/5547"}],"wp:attachment":[{"href":"https:\/\/archive.sana.sy\/tr\/index.php?rest_route=%2Fwp%2Fv2%2Fmedia&parent=5546"}],"wp:term":[{"taxonomy":"category","embeddable":true,"href":"https:\/\/archive.sana.sy\/tr\/index.php?rest_route=%2Fwp%2Fv2%2Fcategories&post=5546"},{"taxonomy":"post_tag","embeddable":true,"href":"https:\/\/archive.sana.sy\/tr\/index.php?rest_route=%2Fwp%2Fv2%2Ftags&post=5546"}],"curies":[{"name":"wp","href":"https:\/\/api.w.org\/{rel}","templated":true}]}}