{"id":55508,"date":"2015-12-16T01:30:47","date_gmt":"2015-12-15T23:30:47","guid":{"rendered":"http:\/\/www.sana.sy\/tr\/?p=55508"},"modified":"2015-12-16T16:41:55","modified_gmt":"2015-12-16T14:41:55","slug":"sam-universitesinden-dostlara-tesekkur-eylemi","status":"publish","type":"post","link":"https:\/\/archive.sana.sy\/tr\/?p=55508","title":{"rendered":"\u015eam \u00dcniversitesinden Dostlara Te\u015fekk\u00fcr Eylemi (video)"},"content":{"rendered":"<p>\u015eAM \u2013 \u015eam \u00dcniversitesi ve Baas Partisinin \u00dcniversite \u015eubesi bug\u00fcn; \u00e7okuluslu ter\u00f6re kar\u015f\u0131 sava\u015f\u0131 ve ter\u00f6r destek\u00e7ileri rejimlerin bask\u0131lar\u0131na kar\u015f\u0131 m\u00fccadelede Suriye ve halk\u0131na desteklerinden dolay\u0131 Rusya, \u0130ran ve L\u00fcbnan ulusal direni\u015f g\u00fc\u00e7lerine te\u015fekk\u00fcr eylemi d\u00fczenledi.<\/p>\n<p><img loading=\"lazy\" decoding=\"async\" class=\"alignright wp-image-55510 size-medium\" src=\"http:\/\/www.sana.sy\/tr\/wp-content\/uploads\/2015\/12\/3-9-300x200.jpg\" alt=\"3\" width=\"300\" height=\"200\" srcset=\"https:\/\/archive.sana.sy\/tr\/wp-content\/uploads\/2015\/12\/3-9-300x200.jpg 300w, https:\/\/archive.sana.sy\/tr\/wp-content\/uploads\/2015\/12\/3-9-150x100.jpg 150w, https:\/\/archive.sana.sy\/tr\/wp-content\/uploads\/2015\/12\/3-9.jpg 500w\" sizes=\"auto, (max-width: 300px) 100vw, 300px\" \/>Mezze Semtindeki \u015eehit Basil el Esad \u00d6\u011frenci Kampusunda d\u00fczenlene etkinlikte binlerce \u00f6nerci Suriye&#8217;yi halk\u0131yla, ekonomisiyle, ordusuyla, k\u00fclt\u00fcr\u00fcyle, zenginlikleriyle ve her \u015feyi ile hedef alan ter\u00f6re kar\u015f\u0131 sava\u015fan ordu birliklerimizin kahramanl\u0131klar\u0131 ve fedakarl\u0131klar\u0131n\u0131 \u00f6ven pankartlar ta\u015f\u0131d\u0131. Kalabal\u0131k kitleler Suriye&#8217;nin hakl\u0131 sava\u015f\u0131nda zaferin ka\u00e7\u0131n\u0131lmaz oldu\u011funa kesinlikle inand\u0131klar\u0131n\u0131 ifade etti.<\/p>\n<p>Ter\u00f6r \u00f6rg\u00fctlerini destekleyen devlet rejimlerini k\u0131nayan sloganlar\u0131n at\u0131ld\u0131\u011f\u0131 eylemde; bu rejimlere yanda\u015f medya ara\u00e7lar\u0131n\u0131 da ger\u00e7ekleri \u00e7arp\u0131tmalar\u0131 ve kamuoyunu aldatan yalan dolan hamleleri k\u0131nad\u0131.<\/p>\n<p>Eyleme kat\u0131lan \u0130ran\u2019\u0131n \u015eam B\u00fcy\u00fckel\u00e7isi Muhammed R\u0131za Rauf \u015eebani Suriye&#8217;nin ter\u00f6re kar\u015f\u0131 sava\u015f\u0131nda sadece kendini de\u011fil, t\u00fcm b\u00f6lge haklar\u0131n\u0131 savundu\u011funa dikkat \u00e7ekerken, dolay\u0131s\u0131yla \u0130ran\u2019\u0131n bu sava\u015f\u0131nda ona destek vermesinin insani bir vacip oldu\u011funun alt\u0131n\u0131 \u00e7izdi.<\/p>\n<p>Rusya B\u00fcy\u00fckel\u00e7ili\u011finde Ticari ve Ekonomi Ata\u015fesi Igor Matviyev Rusya&#8217;n\u0131n Suriye&#8217;ye ekonomik, ticari ve askeri deste\u011fini s\u00fcrd\u00fcrmede kararl\u0131 oldu\u011funu ifade ederken, ter\u00f6re kar\u015f\u0131 sava\u015fta \u00f6n cephede sava\u015fan Suriye&#8217;de g\u00fcvenlik ve istikrar\u0131n sa\u011flanmas\u0131n\u0131n b\u00f6lge ve hatta t\u00fcm d\u00fcnya a\u00e7\u0131s\u0131ndan b\u00fcy\u00fck bir \u00f6nem ta\u015f\u0131d\u0131\u011f\u0131n\u0131 vurgulad\u0131.<\/p>\n<p>Eylemde bas\u0131na a\u00e7\u0131klama yapan Y\u00fcksek \u00d6\u011fretim Bakan\u0131 Muhammed Amir Mardini; dost devletlerin tutumlar\u0131n\u0131n karde\u015f tutumlar\u0131 oldu\u011funu ifade etti.<\/p>\n<div id='gallery-1' class='gallery galleryid-55508 gallery-columns-2 gallery-size-thumbnail'><figure class='gallery-item'>\n\t\t\t<div class='gallery-icon landscape'>\n\t\t\t\t<a href='https:\/\/archive.sana.sy\/tr\/wp-content\/uploads\/2015\/12\/2-10.jpg'><img loading=\"lazy\" decoding=\"async\" width=\"150\" height=\"100\" src=\"https:\/\/archive.sana.sy\/tr\/wp-content\/uploads\/2015\/12\/2-10-150x100.jpg\" class=\"attachment-thumbnail size-thumbnail\" alt=\"\" srcset=\"https:\/\/archive.sana.sy\/tr\/wp-content\/uploads\/2015\/12\/2-10-150x100.jpg 150w, https:\/\/archive.sana.sy\/tr\/wp-content\/uploads\/2015\/12\/2-10-300x200.jpg 300w, https:\/\/archive.sana.sy\/tr\/wp-content\/uploads\/2015\/12\/2-10-310x205.jpg 310w, https:\/\/archive.sana.sy\/tr\/wp-content\/uploads\/2015\/12\/2-10.jpg 500w\" sizes=\"auto, (max-width: 150px) 100vw, 150px\" \/><\/a>\n\t\t\t<\/div><\/figure><figure class='gallery-item'>\n\t\t\t<div class='gallery-icon landscape'>\n\t\t\t\t<a href='https:\/\/archive.sana.sy\/tr\/wp-content\/uploads\/2015\/12\/4-8.jpg'><img loading=\"lazy\" decoding=\"async\" width=\"150\" height=\"100\" src=\"https:\/\/archive.sana.sy\/tr\/wp-content\/uploads\/2015\/12\/4-8-150x100.jpg\" class=\"attachment-thumbnail size-thumbnail\" alt=\"\" srcset=\"https:\/\/archive.sana.sy\/tr\/wp-content\/uploads\/2015\/12\/4-8-150x100.jpg 150w, https:\/\/archive.sana.sy\/tr\/wp-content\/uploads\/2015\/12\/4-8-300x200.jpg 300w, https:\/\/archive.sana.sy\/tr\/wp-content\/uploads\/2015\/12\/4-8-310x205.jpg 310w, https:\/\/archive.sana.sy\/tr\/wp-content\/uploads\/2015\/12\/4-8.jpg 500w\" sizes=\"auto, (max-width: 150px) 100vw, 150px\" \/><\/a>\n\t\t\t<\/div><\/figure><figure class='gallery-item'>\n\t\t\t<div class='gallery-icon landscape'>\n\t\t\t\t<a href='https:\/\/archive.sana.sy\/tr\/wp-content\/uploads\/2015\/12\/5-8.jpg'><img loading=\"lazy\" decoding=\"async\" width=\"150\" height=\"100\" src=\"https:\/\/archive.sana.sy\/tr\/wp-content\/uploads\/2015\/12\/5-8-150x100.jpg\" class=\"attachment-thumbnail size-thumbnail\" alt=\"\" srcset=\"https:\/\/archive.sana.sy\/tr\/wp-content\/uploads\/2015\/12\/5-8-150x100.jpg 150w, https:\/\/archive.sana.sy\/tr\/wp-content\/uploads\/2015\/12\/5-8-300x200.jpg 300w, https:\/\/archive.sana.sy\/tr\/wp-content\/uploads\/2015\/12\/5-8-310x205.jpg 310w, https:\/\/archive.sana.sy\/tr\/wp-content\/uploads\/2015\/12\/5-8.jpg 500w\" sizes=\"auto, (max-width: 150px) 100vw, 150px\" \/><\/a>\n\t\t\t<\/div><\/figure><figure class='gallery-item'>\n\t\t\t<div class='gallery-icon landscape'>\n\t\t\t\t<a href='https:\/\/archive.sana.sy\/tr\/wp-content\/uploads\/2015\/12\/6-8.jpg'><img loading=\"lazy\" decoding=\"async\" width=\"150\" height=\"100\" src=\"https:\/\/archive.sana.sy\/tr\/wp-content\/uploads\/2015\/12\/6-8-150x100.jpg\" class=\"attachment-thumbnail size-thumbnail\" alt=\"\" srcset=\"https:\/\/archive.sana.sy\/tr\/wp-content\/uploads\/2015\/12\/6-8-150x100.jpg 150w, https:\/\/archive.sana.sy\/tr\/wp-content\/uploads\/2015\/12\/6-8-300x200.jpg 300w, https:\/\/archive.sana.sy\/tr\/wp-content\/uploads\/2015\/12\/6-8-310x205.jpg 310w, https:\/\/archive.sana.sy\/tr\/wp-content\/uploads\/2015\/12\/6-8.jpg 500w\" sizes=\"auto, (max-width: 150px) 100vw, 150px\" \/><\/a>\n\t\t\t<\/div><\/figure><figure class='gallery-item'>\n\t\t\t<div class='gallery-icon landscape'>\n\t\t\t\t<a href='https:\/\/archive.sana.sy\/tr\/wp-content\/uploads\/2015\/12\/7-8.jpg'><img loading=\"lazy\" decoding=\"async\" width=\"150\" height=\"100\" src=\"https:\/\/archive.sana.sy\/tr\/wp-content\/uploads\/2015\/12\/7-8-150x100.jpg\" class=\"attachment-thumbnail size-thumbnail\" alt=\"\" srcset=\"https:\/\/archive.sana.sy\/tr\/wp-content\/uploads\/2015\/12\/7-8-150x100.jpg 150w, https:\/\/archive.sana.sy\/tr\/wp-content\/uploads\/2015\/12\/7-8-300x200.jpg 300w, https:\/\/archive.sana.sy\/tr\/wp-content\/uploads\/2015\/12\/7-8-310x205.jpg 310w, https:\/\/archive.sana.sy\/tr\/wp-content\/uploads\/2015\/12\/7-8.jpg 500w\" sizes=\"auto, (max-width: 150px) 100vw, 150px\" \/><\/a>\n\t\t\t<\/div><\/figure><figure class='gallery-item'>\n\t\t\t<div class='gallery-icon landscape'>\n\t\t\t\t<a href='https:\/\/archive.sana.sy\/tr\/wp-content\/uploads\/2015\/12\/8-7.jpg'><img loading=\"lazy\" decoding=\"async\" width=\"150\" height=\"103\" src=\"https:\/\/archive.sana.sy\/tr\/wp-content\/uploads\/2015\/12\/8-7-150x103.jpg\" class=\"attachment-thumbnail size-thumbnail\" alt=\"\" srcset=\"https:\/\/archive.sana.sy\/tr\/wp-content\/uploads\/2015\/12\/8-7-150x103.jpg 150w, https:\/\/archive.sana.sy\/tr\/wp-content\/uploads\/2015\/12\/8-7-300x206.jpg 300w, https:\/\/archive.sana.sy\/tr\/wp-content\/uploads\/2015\/12\/8-7-110x75.jpg 110w, https:\/\/archive.sana.sy\/tr\/wp-content\/uploads\/2015\/12\/8-7.jpg 500w\" sizes=\"auto, (max-width: 150px) 100vw, 150px\" \/><\/a>\n\t\t\t<\/div><\/figure><figure class='gallery-item'>\n\t\t\t<div class='gallery-icon landscape'>\n\t\t\t\t<a href='https:\/\/archive.sana.sy\/tr\/wp-content\/uploads\/2015\/12\/9-6.jpg'><img loading=\"lazy\" decoding=\"async\" width=\"150\" height=\"100\" src=\"https:\/\/archive.sana.sy\/tr\/wp-content\/uploads\/2015\/12\/9-6-150x100.jpg\" class=\"attachment-thumbnail size-thumbnail\" alt=\"\" srcset=\"https:\/\/archive.sana.sy\/tr\/wp-content\/uploads\/2015\/12\/9-6-150x100.jpg 150w, https:\/\/archive.sana.sy\/tr\/wp-content\/uploads\/2015\/12\/9-6-300x200.jpg 300w, https:\/\/archive.sana.sy\/tr\/wp-content\/uploads\/2015\/12\/9-6-310x205.jpg 310w, https:\/\/archive.sana.sy\/tr\/wp-content\/uploads\/2015\/12\/9-6.jpg 500w\" sizes=\"auto, (max-width: 150px) 100vw, 150px\" \/><\/a>\n\t\t\t<\/div><\/figure><figure class='gallery-item'>\n\t\t\t<div class='gallery-icon landscape'>\n\t\t\t\t<a href='https:\/\/archive.sana.sy\/tr\/wp-content\/uploads\/2015\/12\/10-6.jpg'><img loading=\"lazy\" decoding=\"async\" width=\"150\" height=\"100\" src=\"https:\/\/archive.sana.sy\/tr\/wp-content\/uploads\/2015\/12\/10-6-150x100.jpg\" class=\"attachment-thumbnail size-thumbnail\" alt=\"\" srcset=\"https:\/\/archive.sana.sy\/tr\/wp-content\/uploads\/2015\/12\/10-6-150x100.jpg 150w, https:\/\/archive.sana.sy\/tr\/wp-content\/uploads\/2015\/12\/10-6-300x200.jpg 300w, https:\/\/archive.sana.sy\/tr\/wp-content\/uploads\/2015\/12\/10-6-310x205.jpg 310w, https:\/\/archive.sana.sy\/tr\/wp-content\/uploads\/2015\/12\/10-6.jpg 500w\" sizes=\"auto, (max-width: 150px) 100vw, 150px\" \/><\/a>\n\t\t\t<\/div><\/figure>\n\t\t<\/div>\n\n<p>https:\/\/www.youtube.com\/watch?v=thF8S6nTf1M<\/p>\n","protected":false},"excerpt":{"rendered":"<p>\u015eAM \u2013 \u015eam \u00dcniversitesi ve Baas Partisinin \u00dcniversite \u015eubesi bug\u00fcn; \u00e7okuluslu ter\u00f6re kar\u015f\u0131 sava\u015f\u0131 ve ter\u00f6r destek\u00e7ileri rejimlerin bask\u0131lar\u0131na kar\u015f\u0131 m\u00fccadelede Suriye ve halk\u0131na desteklerinden dolay\u0131 Rusya, \u0130ran ve L\u00fcbnan ulusal direni\u015f g\u00fc\u00e7lerine te\u015fekk\u00fcr eylemi d\u00fczenledi. Mezze Semtindeki \u015eehit Basil el Esad \u00d6\u011frenci Kampusunda d\u00fczenlene etkinlikte binlerce \u00f6nerci Suriye&#8217;yi halk\u0131yla, ekonomisiyle, ordusuyla, k\u00fclt\u00fcr\u00fcyle, zenginlikleriyle ve &hellip;<\/p>\n","protected":false},"author":1,"featured_media":55509,"comment_status":"closed","ping_status":"closed","sticky":false,"template":"","format":"standard","meta":{"footnotes":""},"categories":[596,479,17988,478],"tags":[18113],"class_list":["post-55508","post","type-post","status-publish","format-standard","has-post-thumbnail","","category-fotografli-raporlar","category-haberler-yerel","category-son-haberler","category-yerel","tag-sam-universitesinden-dostlara-tesekkur-eylemi"],"_links":{"self":[{"href":"https:\/\/archive.sana.sy\/tr\/index.php?rest_route=\/wp\/v2\/posts\/55508","targetHints":{"allow":["GET"]}}],"collection":[{"href":"https:\/\/archive.sana.sy\/tr\/index.php?rest_route=\/wp\/v2\/posts"}],"about":[{"href":"https:\/\/archive.sana.sy\/tr\/index.php?rest_route=\/wp\/v2\/types\/post"}],"author":[{"embeddable":true,"href":"https:\/\/archive.sana.sy\/tr\/index.php?rest_route=\/wp\/v2\/users\/1"}],"replies":[{"embeddable":true,"href":"https:\/\/archive.sana.sy\/tr\/index.php?rest_route=%2Fwp%2Fv2%2Fcomments&post=55508"}],"version-history":[{"count":0,"href":"https:\/\/archive.sana.sy\/tr\/index.php?rest_route=\/wp\/v2\/posts\/55508\/revisions"}],"wp:featuredmedia":[{"embeddable":true,"href":"https:\/\/archive.sana.sy\/tr\/index.php?rest_route=\/wp\/v2\/media\/55509"}],"wp:attachment":[{"href":"https:\/\/archive.sana.sy\/tr\/index.php?rest_route=%2Fwp%2Fv2%2Fmedia&parent=55508"}],"wp:term":[{"taxonomy":"category","embeddable":true,"href":"https:\/\/archive.sana.sy\/tr\/index.php?rest_route=%2Fwp%2Fv2%2Fcategories&post=55508"},{"taxonomy":"post_tag","embeddable":true,"href":"https:\/\/archive.sana.sy\/tr\/index.php?rest_route=%2Fwp%2Fv2%2Ftags&post=55508"}],"curies":[{"name":"wp","href":"https:\/\/api.w.org\/{rel}","templated":true}]}}