{"id":5551,"date":"2014-07-20T14:51:16","date_gmt":"2014-07-20T11:51:16","guid":{"rendered":"http:\/\/www.sana.sy\/tr\/?p=5551"},"modified":"2014-07-20T14:51:16","modified_gmt":"2014-07-20T11:51:16","slug":"troyka-israilin-filistin-halkina-yonelik-saldirilarini-tartisacak","status":"publish","type":"post","link":"https:\/\/archive.sana.sy\/tr\/?p=5551","title":{"rendered":"Troyka \u0130srail&#8217;in Filistin Halk\u0131na Y\u00f6nelik Sald\u0131r\u0131lar\u0131n\u0131 Tart\u0131\u015facak"},"content":{"rendered":"<p>TAHRAN \u2013 \u0130slam Parlamentolar\u0131 Troyka Toplant\u0131s\u0131 Siyasi Komite Sekreteri ve \u0130ran \u015eura Meclisinde Milli G\u00fcvenlik ve D\u0131\u015f Politika Komitesi \u00dcyesi Kaz\u0131m Celali Troyka \u00fcyelerinin Sal\u0131 g\u00fcn\u00fc Tahran\u2019da d\u00fczenlenece\u011fini ilan etti.<\/p>\n<p>Celali Tahran\u2019da d\u00fczenledi\u011fi bas\u0131n toplant\u0131s\u0131nda; Halk Meclisi Ba\u015fkan\u0131 Muhammed Cihat el Lahham\u2019\u0131n ba\u015fkanl\u0131\u011f\u0131ndaki parlamenter heyetle Suriye&#8217;nin kat\u0131laca\u011f\u0131 oturumda; \u0130srail&#8217;in Filistin halk\u0131na y\u00f6nelik sald\u0131r\u0131lar\u0131 ve Gazze halk\u0131na yard\u0131m takdim etme olanaklar\u0131n\u0131n masaya yat\u0131r\u0131laca\u011f\u0131n\u0131 belirtti.<\/p>\n<p>Gazze&#8217;nin y\u0131llardan beri siyonist \u0130srail taraf\u0131ndan kat\u0131 bir ablukaya maruz b\u0131rak\u0131ld\u0131\u011f\u0131 ve insani yard\u0131mlar\u0131n bile giri\u015fine izin verilmedi\u011fine dikkat \u00e7eken Celali; i\u015fgal ordusunun Gazze\u2019de Filistinlilere y\u00f6nelik vah\u015fi sald\u0131r\u0131lar\u0131n\u0131 \u015fiddetle k\u0131nad\u0131.<\/p>\n","protected":false},"excerpt":{"rendered":"<p>TAHRAN \u2013 \u0130slam Parlamentolar\u0131 Troyka Toplant\u0131s\u0131 Siyasi Komite Sekreteri ve \u0130ran \u015eura Meclisinde Milli G\u00fcvenlik ve D\u0131\u015f Politika Komitesi \u00dcyesi Kaz\u0131m Celali Troyka \u00fcyelerinin Sal\u0131 g\u00fcn\u00fc Tahran\u2019da d\u00fczenlenece\u011fini ilan etti. Celali Tahran\u2019da d\u00fczenledi\u011fi bas\u0131n toplant\u0131s\u0131nda; Halk Meclisi Ba\u015fkan\u0131 Muhammed Cihat el Lahham\u2019\u0131n ba\u015fkanl\u0131\u011f\u0131ndaki parlamenter heyetle Suriye&#8217;nin kat\u0131laca\u011f\u0131 oturumda; \u0130srail&#8217;in Filistin halk\u0131na y\u00f6nelik sald\u0131r\u0131lar\u0131 ve Gazze &hellip;<\/p>\n","protected":false},"author":1,"featured_media":5552,"comment_status":"closed","ping_status":"closed","sticky":false,"template":"","format":"standard","meta":{"footnotes":""},"categories":[458,459,584],"tags":[1211],"class_list":["post-5551","post","type-post","status-publish","format-standard","has-post-thumbnail","","category-dunya1","category-haberler-arap-uluslararasi-politika","category-yurtdisinda-sana-ofisleri","tag-troyka-israilin-filistin-halkina-yonelik-saldirilarini-tartisacak"],"_links":{"self":[{"href":"https:\/\/archive.sana.sy\/tr\/index.php?rest_route=\/wp\/v2\/posts\/5551","targetHints":{"allow":["GET"]}}],"collection":[{"href":"https:\/\/archive.sana.sy\/tr\/index.php?rest_route=\/wp\/v2\/posts"}],"about":[{"href":"https:\/\/archive.sana.sy\/tr\/index.php?rest_route=\/wp\/v2\/types\/post"}],"author":[{"embeddable":true,"href":"https:\/\/archive.sana.sy\/tr\/index.php?rest_route=\/wp\/v2\/users\/1"}],"replies":[{"embeddable":true,"href":"https:\/\/archive.sana.sy\/tr\/index.php?rest_route=%2Fwp%2Fv2%2Fcomments&post=5551"}],"version-history":[{"count":0,"href":"https:\/\/archive.sana.sy\/tr\/index.php?rest_route=\/wp\/v2\/posts\/5551\/revisions"}],"wp:featuredmedia":[{"embeddable":true,"href":"https:\/\/archive.sana.sy\/tr\/index.php?rest_route=\/wp\/v2\/media\/5552"}],"wp:attachment":[{"href":"https:\/\/archive.sana.sy\/tr\/index.php?rest_route=%2Fwp%2Fv2%2Fmedia&parent=5551"}],"wp:term":[{"taxonomy":"category","embeddable":true,"href":"https:\/\/archive.sana.sy\/tr\/index.php?rest_route=%2Fwp%2Fv2%2Fcategories&post=5551"},{"taxonomy":"post_tag","embeddable":true,"href":"https:\/\/archive.sana.sy\/tr\/index.php?rest_route=%2Fwp%2Fv2%2Ftags&post=5551"}],"curies":[{"name":"wp","href":"https:\/\/api.w.org\/{rel}","templated":true}]}}