{"id":55531,"date":"2015-12-16T18:32:04","date_gmt":"2015-12-16T16:32:04","guid":{"rendered":"http:\/\/www.sana.sy\/tr\/?p=55531"},"modified":"2015-12-16T18:32:04","modified_gmt":"2015-12-16T16:32:04","slug":"disisleri-ve-gurbetciler-bakanligi-abd-komutasindaki-uluslar-arasi-koalisyon-ucaklarinin-iside-karsi-savas-bahanesi-altinda-suriye-egemenligini-ihlal-edip-petrol-ve-dogalgaz","status":"publish","type":"post","link":"https:\/\/archive.sana.sy\/tr\/?p=55531","title":{"rendered":"D\u0131\u015fi\u015fleri ve Gurbet\u00e7iler Bakanl\u0131\u011f\u0131 ABD komutas\u0131ndaki uluslar aras\u0131 koalisyon u\u00e7aklar\u0131n\u0131n \u2018I\u015e\u0130D\u2019e kar\u015f\u0131 sava\u015f\u2019 bahanesi alt\u0131nda Suriye egemenli\u011fini ihlal edip petrol ve do\u011falgaz kurumlar\u0131n\u0131n yan\u0131 s\u0131ra altyap\u0131 ve hizmet kurumlar\u0131n\u0131 bombalamalar\u0131 konusunda BM genel sekreteri ve G\u00fcvenlik Meclisi ba\u015fkan\u0131na e\u015f iki resmi mektup g\u00f6nderdi."},"content":{"rendered":"<p>D\u0131\u015fi\u015fleri ve Gurbet\u00e7iler Bakanl\u0131\u011f\u0131 ABD komutas\u0131ndaki uluslar aras\u0131 koalisyon u\u00e7aklar\u0131n\u0131n \u2018I\u015e\u0130D\u2019e kar\u015f\u0131 sava\u015f\u2019 bahanesi alt\u0131nda Suriye egemenli\u011fini ihlal edip petrol ve do\u011falgaz kurumlar\u0131n\u0131n yan\u0131 s\u0131ra altyap\u0131 ve hizmet kurumlar\u0131n\u0131 bombalamalar\u0131 konusunda BM genel sekreteri ve G\u00fcvenlik Meclisi ba\u015fkan\u0131na e\u015f iki resmi mektup g\u00f6nderdi.<\/p>\n","protected":false},"excerpt":{"rendered":"<p>D\u0131\u015fi\u015fleri ve Gurbet\u00e7iler Bakanl\u0131\u011f\u0131 ABD komutas\u0131ndaki uluslar aras\u0131 koalisyon u\u00e7aklar\u0131n\u0131n \u2018I\u015e\u0130D\u2019e kar\u015f\u0131 sava\u015f\u2019 bahanesi alt\u0131nda Suriye egemenli\u011fini ihlal edip petrol ve do\u011falgaz kurumlar\u0131n\u0131n yan\u0131 s\u0131ra altyap\u0131 ve hizmet kurumlar\u0131n\u0131 bombalamalar\u0131 konusunda BM genel sekreteri ve G\u00fcvenlik Meclisi ba\u015fkan\u0131na e\u015f iki resmi mektup g\u00f6nderdi.<\/p>\n","protected":false},"author":1,"featured_media":0,"comment_status":"closed","ping_status":"closed","sticky":false,"template":"","format":"standard","meta":{"footnotes":""},"categories":[17991],"tags":[],"class_list":["post-55531","post","type-post","status-publish","format-standard","","category-son-dakika"],"_links":{"self":[{"href":"https:\/\/archive.sana.sy\/tr\/index.php?rest_route=\/wp\/v2\/posts\/55531","targetHints":{"allow":["GET"]}}],"collection":[{"href":"https:\/\/archive.sana.sy\/tr\/index.php?rest_route=\/wp\/v2\/posts"}],"about":[{"href":"https:\/\/archive.sana.sy\/tr\/index.php?rest_route=\/wp\/v2\/types\/post"}],"author":[{"embeddable":true,"href":"https:\/\/archive.sana.sy\/tr\/index.php?rest_route=\/wp\/v2\/users\/1"}],"replies":[{"embeddable":true,"href":"https:\/\/archive.sana.sy\/tr\/index.php?rest_route=%2Fwp%2Fv2%2Fcomments&post=55531"}],"version-history":[{"count":0,"href":"https:\/\/archive.sana.sy\/tr\/index.php?rest_route=\/wp\/v2\/posts\/55531\/revisions"}],"wp:attachment":[{"href":"https:\/\/archive.sana.sy\/tr\/index.php?rest_route=%2Fwp%2Fv2%2Fmedia&parent=55531"}],"wp:term":[{"taxonomy":"category","embeddable":true,"href":"https:\/\/archive.sana.sy\/tr\/index.php?rest_route=%2Fwp%2Fv2%2Fcategories&post=55531"},{"taxonomy":"post_tag","embeddable":true,"href":"https:\/\/archive.sana.sy\/tr\/index.php?rest_route=%2Fwp%2Fv2%2Ftags&post=55531"}],"curies":[{"name":"wp","href":"https:\/\/api.w.org\/{rel}","templated":true}]}}