{"id":55542,"date":"2015-12-16T18:00:54","date_gmt":"2015-12-16T16:00:54","guid":{"rendered":"http:\/\/www.sana.sy\/tr\/?p=55542"},"modified":"2015-12-16T19:00:11","modified_gmt":"2015-12-16T17:00:11","slug":"filistin-davasi-bizim-davamizdir","status":"publish","type":"post","link":"https:\/\/archive.sana.sy\/tr\/?p=55542","title":{"rendered":"Filistin Davas\u0131 Bizim Davam\u0131zd\u0131r"},"content":{"rendered":"<p>\u015eAM \u2013 Enformasyon Bakan\u0131 Omran el Zoubi; \u0130srail i\u015fgalinin tamamen sona ermesi ve ba\u015fkenti Kud\u00fcs olan ba\u011f\u0131ms\u0131z devletini kurma dahil me\u015fru t\u00fcm haklar\u0131n\u0131 geri almada Filistin halk\u0131ndan yana de\u011fi\u015fmez tutumunu belirtti.<\/p>\n<p><img loading=\"lazy\" decoding=\"async\" class=\"alignright wp-image-55544 size-medium\" src=\"http:\/\/www.sana.sy\/tr\/wp-content\/uploads\/2015\/12\/Zoubi-1-1-300x168.jpg\" alt=\"Zoubi 1\" width=\"300\" height=\"168\" srcset=\"https:\/\/archive.sana.sy\/tr\/wp-content\/uploads\/2015\/12\/Zoubi-1-1-300x168.jpg 300w, https:\/\/archive.sana.sy\/tr\/wp-content\/uploads\/2015\/12\/Zoubi-1-1-150x84.jpg 150w, https:\/\/archive.sana.sy\/tr\/wp-content\/uploads\/2015\/12\/Zoubi-1-1.jpg 660w\" sizes=\"auto, (max-width: 300px) 100vw, 300px\" \/>Ahmet Mecdelani ba\u015fkanl\u0131\u011f\u0131nda bug\u00fcn Filistin Kurtulu\u015f \u00d6rg\u00fct\u00fc heyetiyle bir araya gelen Bakan Zoubi; Suriye ve halk\u0131n\u0131n milli davalara ili\u015fkin tutumlar\u0131 nedeniyle bu denli vah\u015fi ve kirli bir sava\u015fa maruz kalmalar\u0131na ra\u011fmen Filistin davas\u0131ndan caymalar\u0131n\u0131n m\u00fcmk\u00fcn olmad\u0131\u011f\u0131n\u0131, \u00e7\u00fcnk\u00fc Filistin davas\u0131n\u0131n Suriye ve Suriyelilerin davas\u0131 oldu\u011funu belirtti.<\/p>\n<p>Suriye ve Filistin enformasyonlar\u0131 aras\u0131nda i\u015fbirli\u011finin peki\u015ftirilmesi \u00f6nemine dikkat \u00e7eken Zoubi; ger\u00e7ekleri Arap ve d\u00fcnya kamuoyunu aktarmada bu i\u015fbirli\u011finin gerekli oldu\u011funu ifade etti.<\/p>\n<p>G\u00f6r\u00fc\u015fmede Mecdalani Filistin davas\u0131 konusunda Arap ve uluslar aras\u0131 son g\u00fcndem ve geli\u015fmelere \u0131\u015f\u0131k tutan bir sunum takdim ederken \u0130srail&#8217;in her \u00e7\u00f6z\u00fcm \u00e7abas\u0131n\u0131 engellemesi ve ABD\u2019nin bu konuda onu destekleme \u00e7abalar\u0131na dikkat \u00e7ekti.<\/p>\n<p>Mecdalani Filistin y\u00f6netiminin Suriye&#8217;deki krizin siyasi yollarla \u00e7\u00f6z\u00fclmesi, Suriye&#8217;nin egemenli\u011fi, toprak ve halk b\u00fct\u00fcnl\u00fc\u011f\u00fcn\u00fcn korunmas\u0131 y\u00f6n\u00fcndeki destek\u00e7i tutumunu ifade etti.<\/p>\n","protected":false},"excerpt":{"rendered":"<p>\u015eAM \u2013 Enformasyon Bakan\u0131 Omran el Zoubi; \u0130srail i\u015fgalinin tamamen sona ermesi ve ba\u015fkenti Kud\u00fcs olan ba\u011f\u0131ms\u0131z devletini kurma dahil me\u015fru t\u00fcm haklar\u0131n\u0131 geri almada Filistin halk\u0131ndan yana de\u011fi\u015fmez tutumunu belirtti. Ahmet Mecdelani ba\u015fkanl\u0131\u011f\u0131nda bug\u00fcn Filistin Kurtulu\u015f \u00d6rg\u00fct\u00fc heyetiyle bir araya gelen Bakan Zoubi; Suriye ve halk\u0131n\u0131n milli davalara ili\u015fkin tutumlar\u0131 nedeniyle bu denli vah\u015fi &hellip;<\/p>\n","protected":false},"author":1,"featured_media":55543,"comment_status":"closed","ping_status":"closed","sticky":false,"template":"","format":"standard","meta":{"footnotes":""},"categories":[479,17988,478],"tags":[18116],"class_list":["post-55542","post","type-post","status-publish","format-standard","has-post-thumbnail","","category-haberler-yerel","category-son-haberler","category-yerel","tag-filistin-davasi-bizim-davamizdir"],"_links":{"self":[{"href":"https:\/\/archive.sana.sy\/tr\/index.php?rest_route=\/wp\/v2\/posts\/55542","targetHints":{"allow":["GET"]}}],"collection":[{"href":"https:\/\/archive.sana.sy\/tr\/index.php?rest_route=\/wp\/v2\/posts"}],"about":[{"href":"https:\/\/archive.sana.sy\/tr\/index.php?rest_route=\/wp\/v2\/types\/post"}],"author":[{"embeddable":true,"href":"https:\/\/archive.sana.sy\/tr\/index.php?rest_route=\/wp\/v2\/users\/1"}],"replies":[{"embeddable":true,"href":"https:\/\/archive.sana.sy\/tr\/index.php?rest_route=%2Fwp%2Fv2%2Fcomments&post=55542"}],"version-history":[{"count":0,"href":"https:\/\/archive.sana.sy\/tr\/index.php?rest_route=\/wp\/v2\/posts\/55542\/revisions"}],"wp:featuredmedia":[{"embeddable":true,"href":"https:\/\/archive.sana.sy\/tr\/index.php?rest_route=\/wp\/v2\/media\/55543"}],"wp:attachment":[{"href":"https:\/\/archive.sana.sy\/tr\/index.php?rest_route=%2Fwp%2Fv2%2Fmedia&parent=55542"}],"wp:term":[{"taxonomy":"category","embeddable":true,"href":"https:\/\/archive.sana.sy\/tr\/index.php?rest_route=%2Fwp%2Fv2%2Fcategories&post=55542"},{"taxonomy":"post_tag","embeddable":true,"href":"https:\/\/archive.sana.sy\/tr\/index.php?rest_route=%2Fwp%2Fv2%2Ftags&post=55542"}],"curies":[{"name":"wp","href":"https:\/\/api.w.org\/{rel}","templated":true}]}}