{"id":55553,"date":"2015-12-17T08:20:08","date_gmt":"2015-12-17T06:20:08","guid":{"rendered":"http:\/\/www.sana.sy\/tr\/?p=55553"},"modified":"2015-12-17T09:17:23","modified_gmt":"2015-12-17T07:17:23","slug":"sear-hayata-dusman-emperyalistler-gercekleri-karanliga-gommeye-calisiyorlar","status":"publish","type":"post","link":"https:\/\/archive.sana.sy\/tr\/?p=55553","title":{"rendered":"\u015eear: Hayata D\u00fc\u015fman Emperyalistler Ger\u00e7ekleri Karanl\u0131\u011fa G\u00f6mmeye \u00c7al\u0131\u015f\u0131yorlar"},"content":{"rendered":"<p>\u015eAM \u2013 \u0130\u00e7i\u015fleri Bakan\u0131 Muhammed el \u015eear, hayata d\u00fc\u015fman ve uygarl\u0131klar\u0131 hedef alan emperyalistlerin kelimeleri birer sald\u0131r\u0131, y\u0131k\u0131m ve tekfir arac\u0131na d\u00f6n\u00fc\u015ft\u00fcrerek ger\u00e7ekleri karanl\u0131\u011fa g\u00f6mmeye ve ulusal birlik b\u00fct\u00fcnl\u00fc\u011f\u00fc par\u00e7alamaya \u00e7al\u0131\u015ft\u0131klar\u0131n\u0131 ifade etti.<\/p>\n<p>Polis Dergisi Kurulu\u015f Y\u0131ld\u00f6n\u00fcm\u00fc m\u00fcnasebetiyle d\u00fczenlenen etkinlikte bir konu\u015fma yapan \u015eear; bas\u0131n ve medyan\u0131n ulusal-toplumsal bilin\u00e7 ve g\u00fcvenli\u011fin g\u00fc\u00e7lendirilmesi b\u00fcy\u00fck bir misyona sahip oldu\u011funu dile getirerek Polis Dergisinin ge\u00e7ti\u011fimiz y\u0131llarda askeri, mesleki ve idari bilincin g\u00fc\u00e7lendirilmesine de b\u00fcy\u00fck katk\u0131 sa\u011flad\u0131\u011f\u0131n\u0131 belirtti.<\/p>\n<p>Polis dergisinin kurulu\u015fundan bu yana izledi\u011fi ba\u015far\u0131l\u0131 yay\u0131n \u00e7izgisine ili\u015fkin anlat\u0131mlar\u0131n yap\u0131ld\u0131\u011f\u0131 t\u00f6renin bitiminde Derginin Yay\u0131n Y\u00f6netmeni, \u0130\u00e7i\u015fleri Bakan\u0131 \u015eear\u2019a derginin plaketini takdim etti.<\/p>\n<div id='gallery-1' class='gallery galleryid-55553 gallery-columns-3 gallery-size-medium'><figure class='gallery-item'>\n\t\t\t<div class='gallery-icon landscape'>\n\t\t\t\t<a href='https:\/\/archive.sana.sy\/tr\/wp-content\/uploads\/2015\/12\/\u015faar-2.jpg'><img loading=\"lazy\" decoding=\"async\" width=\"300\" height=\"168\" src=\"https:\/\/archive.sana.sy\/tr\/wp-content\/uploads\/2015\/12\/\u015faar-2-300x168.jpg\" class=\"attachment-medium size-medium\" alt=\"\" srcset=\"https:\/\/archive.sana.sy\/tr\/wp-content\/uploads\/2015\/12\/\u015faar-2-300x168.jpg 300w, https:\/\/archive.sana.sy\/tr\/wp-content\/uploads\/2015\/12\/\u015faar-2-150x84.jpg 150w, https:\/\/archive.sana.sy\/tr\/wp-content\/uploads\/2015\/12\/\u015faar-2.jpg 660w\" sizes=\"auto, (max-width: 300px) 100vw, 300px\" \/><\/a>\n\t\t\t<\/div><\/figure><figure class='gallery-item'>\n\t\t\t<div class='gallery-icon landscape'>\n\t\t\t\t<a href='https:\/\/archive.sana.sy\/tr\/wp-content\/uploads\/2015\/12\/\u015faar-3.jpg'><img loading=\"lazy\" decoding=\"async\" width=\"300\" height=\"168\" src=\"https:\/\/archive.sana.sy\/tr\/wp-content\/uploads\/2015\/12\/\u015faar-3-300x168.jpg\" class=\"attachment-medium size-medium\" alt=\"\" srcset=\"https:\/\/archive.sana.sy\/tr\/wp-content\/uploads\/2015\/12\/\u015faar-3-300x168.jpg 300w, https:\/\/archive.sana.sy\/tr\/wp-content\/uploads\/2015\/12\/\u015faar-3-150x84.jpg 150w, https:\/\/archive.sana.sy\/tr\/wp-content\/uploads\/2015\/12\/\u015faar-3.jpg 660w\" sizes=\"auto, (max-width: 300px) 100vw, 300px\" \/><\/a>\n\t\t\t<\/div><\/figure><figure class='gallery-item'>\n\t\t\t<div class='gallery-icon landscape'>\n\t\t\t\t<a href='https:\/\/archive.sana.sy\/tr\/wp-content\/uploads\/2015\/12\/\u015faar-4.jpg'><img loading=\"lazy\" decoding=\"async\" width=\"300\" height=\"168\" src=\"https:\/\/archive.sana.sy\/tr\/wp-content\/uploads\/2015\/12\/\u015faar-4-300x168.jpg\" class=\"attachment-medium size-medium\" alt=\"\" srcset=\"https:\/\/archive.sana.sy\/tr\/wp-content\/uploads\/2015\/12\/\u015faar-4-300x168.jpg 300w, https:\/\/archive.sana.sy\/tr\/wp-content\/uploads\/2015\/12\/\u015faar-4-150x84.jpg 150w, https:\/\/archive.sana.sy\/tr\/wp-content\/uploads\/2015\/12\/\u015faar-4.jpg 660w\" sizes=\"auto, (max-width: 300px) 100vw, 300px\" \/><\/a>\n\t\t\t<\/div><\/figure>\n\t\t<\/div>\n\n<p>F.B. &#8211; R.H.<\/p>\n","protected":false},"excerpt":{"rendered":"<p>\u015eAM \u2013 \u0130\u00e7i\u015fleri Bakan\u0131 Muhammed el \u015eear, hayata d\u00fc\u015fman ve uygarl\u0131klar\u0131 hedef alan emperyalistlerin kelimeleri birer sald\u0131r\u0131, y\u0131k\u0131m ve tekfir arac\u0131na d\u00f6n\u00fc\u015ft\u00fcrerek ger\u00e7ekleri karanl\u0131\u011fa g\u00f6mmeye ve ulusal birlik b\u00fct\u00fcnl\u00fc\u011f\u00fc par\u00e7alamaya \u00e7al\u0131\u015ft\u0131klar\u0131n\u0131 ifade etti. Polis Dergisi Kurulu\u015f Y\u0131ld\u00f6n\u00fcm\u00fc m\u00fcnasebetiyle d\u00fczenlenen etkinlikte bir konu\u015fma yapan \u015eear; bas\u0131n ve medyan\u0131n ulusal-toplumsal bilin\u00e7 ve g\u00fcvenli\u011fin g\u00fc\u00e7lendirilmesi b\u00fcy\u00fck bir misyona &hellip;<\/p>\n","protected":false},"author":1,"featured_media":55554,"comment_status":"closed","ping_status":"closed","sticky":false,"template":"","format":"standard","meta":{"footnotes":""},"categories":[479,17988,478],"tags":[18119],"class_list":["post-55553","post","type-post","status-publish","format-standard","has-post-thumbnail","","category-haberler-yerel","category-son-haberler","category-yerel","tag-sear-hayata-dusman-emperyalistler-gercekleri-karanliga-gommeye-calisiyorlar"],"_links":{"self":[{"href":"https:\/\/archive.sana.sy\/tr\/index.php?rest_route=\/wp\/v2\/posts\/55553","targetHints":{"allow":["GET"]}}],"collection":[{"href":"https:\/\/archive.sana.sy\/tr\/index.php?rest_route=\/wp\/v2\/posts"}],"about":[{"href":"https:\/\/archive.sana.sy\/tr\/index.php?rest_route=\/wp\/v2\/types\/post"}],"author":[{"embeddable":true,"href":"https:\/\/archive.sana.sy\/tr\/index.php?rest_route=\/wp\/v2\/users\/1"}],"replies":[{"embeddable":true,"href":"https:\/\/archive.sana.sy\/tr\/index.php?rest_route=%2Fwp%2Fv2%2Fcomments&post=55553"}],"version-history":[{"count":0,"href":"https:\/\/archive.sana.sy\/tr\/index.php?rest_route=\/wp\/v2\/posts\/55553\/revisions"}],"wp:featuredmedia":[{"embeddable":true,"href":"https:\/\/archive.sana.sy\/tr\/index.php?rest_route=\/wp\/v2\/media\/55554"}],"wp:attachment":[{"href":"https:\/\/archive.sana.sy\/tr\/index.php?rest_route=%2Fwp%2Fv2%2Fmedia&parent=55553"}],"wp:term":[{"taxonomy":"category","embeddable":true,"href":"https:\/\/archive.sana.sy\/tr\/index.php?rest_route=%2Fwp%2Fv2%2Fcategories&post=55553"},{"taxonomy":"post_tag","embeddable":true,"href":"https:\/\/archive.sana.sy\/tr\/index.php?rest_route=%2Fwp%2Fv2%2Ftags&post=55553"}],"curies":[{"name":"wp","href":"https:\/\/api.w.org\/{rel}","templated":true}]}}