{"id":55559,"date":"2015-12-17T08:45:51","date_gmt":"2015-12-17T06:45:51","guid":{"rendered":"http:\/\/www.sana.sy\/tr\/?p=55559"},"modified":"2015-12-17T09:37:57","modified_gmt":"2015-12-17T07:37:57","slug":"vefa-suriye-onurumdur-orgutu-ulusal-sanayi-ve-ekonomiye-katkida-bulunuyor","status":"publish","type":"post","link":"https:\/\/archive.sana.sy\/tr\/?p=55559","title":{"rendered":"Vefa Suriye Onurumdur \u00d6rg\u00fct\u00fc Ulusal Sanayi ve Ekonomiye Katk\u0131da Bulunuyor"},"content":{"rendered":"<p>\u015eAM &#8211; \u201cVefa Suriye Onurumdur\u2026 Birlikte\u201d \u00f6rg\u00fct\u00fc giyim ve ayakkab\u0131 \u00fcretimi alan\u0131nda sosyal-ekonomik kalk\u0131nma projelerinden bir k\u0131sm\u0131n\u0131 uygulayarak ter\u00f6r ma\u011fduru ailelere gelir sa\u011flaman\u0131n yan\u0131s\u0131ra ulusal ekonominin g\u00fc\u00e7lenmesine katk\u0131da bulunuyor.<\/p>\n<p>Vefa Suriye Onurumdur\u2026 Birlikte \u00d6rg\u00fct\u00fc Ba\u015fkan\u0131 Haldun Ebu Bibade SANA ekonomi b\u00fcltenine yapt\u0131\u011f\u0131 a\u00e7\u0131klamada uygulanmaya ba\u015flanan projelerle 450 vatanda\u015fa istihdam yarat\u0131ld\u0131\u011f\u0131n\u0131 ifade ederek projelerin genel olarak \u00e7al\u0131\u015fma yetene\u011fi bulunan gazilerimiz ve \u015fehit yak\u0131nlar\u0131m\u0131za hitap etti\u011fini belirtti.<\/p>\n<p>Uygulanmakta olan projelerin ulusal sanayi ve ekonomi a\u00e7\u0131s\u0131ndan da b\u00fcy\u00fck bir \u00f6nem ta\u015f\u0131d\u0131\u011f\u0131na i\u015faret eden Libade; ayr\u0131ca projeler kapsam\u0131nda gen\u00e7 neslin de yetenekleri do\u011frultusunda e\u011fitim ve i\u015f f\u0131rsat\u0131 bulabildi\u011fine dikkat \u00e7ekti.<\/p>\n<p>F.B. &#8211; R.H.<\/p>\n","protected":false},"excerpt":{"rendered":"<p>\u015eAM &#8211; \u201cVefa Suriye Onurumdur\u2026 Birlikte\u201d \u00f6rg\u00fct\u00fc giyim ve ayakkab\u0131 \u00fcretimi alan\u0131nda sosyal-ekonomik kalk\u0131nma projelerinden bir k\u0131sm\u0131n\u0131 uygulayarak ter\u00f6r ma\u011fduru ailelere gelir sa\u011flaman\u0131n yan\u0131s\u0131ra ulusal ekonominin g\u00fc\u00e7lenmesine katk\u0131da bulunuyor. Vefa Suriye Onurumdur\u2026 Birlikte \u00d6rg\u00fct\u00fc Ba\u015fkan\u0131 Haldun Ebu Bibade SANA ekonomi b\u00fcltenine yapt\u0131\u011f\u0131 a\u00e7\u0131klamada uygulanmaya ba\u015flanan projelerle 450 vatanda\u015fa istihdam yarat\u0131ld\u0131\u011f\u0131n\u0131 ifade ederek projelerin genel olarak &hellip;<\/p>\n","protected":false},"author":1,"featured_media":55560,"comment_status":"closed","ping_status":"closed","sticky":false,"template":"","format":"standard","meta":{"footnotes":""},"categories":[479,17988,478],"tags":[18120],"class_list":["post-55559","post","type-post","status-publish","format-standard","has-post-thumbnail","","category-haberler-yerel","category-son-haberler","category-yerel","tag-vefa-suriye-onurumdur-orgutu-ulusal-sanayi-ve-ekonomiye-katkida-bulunuyor"],"_links":{"self":[{"href":"https:\/\/archive.sana.sy\/tr\/index.php?rest_route=\/wp\/v2\/posts\/55559","targetHints":{"allow":["GET"]}}],"collection":[{"href":"https:\/\/archive.sana.sy\/tr\/index.php?rest_route=\/wp\/v2\/posts"}],"about":[{"href":"https:\/\/archive.sana.sy\/tr\/index.php?rest_route=\/wp\/v2\/types\/post"}],"author":[{"embeddable":true,"href":"https:\/\/archive.sana.sy\/tr\/index.php?rest_route=\/wp\/v2\/users\/1"}],"replies":[{"embeddable":true,"href":"https:\/\/archive.sana.sy\/tr\/index.php?rest_route=%2Fwp%2Fv2%2Fcomments&post=55559"}],"version-history":[{"count":0,"href":"https:\/\/archive.sana.sy\/tr\/index.php?rest_route=\/wp\/v2\/posts\/55559\/revisions"}],"wp:featuredmedia":[{"embeddable":true,"href":"https:\/\/archive.sana.sy\/tr\/index.php?rest_route=\/wp\/v2\/media\/55560"}],"wp:attachment":[{"href":"https:\/\/archive.sana.sy\/tr\/index.php?rest_route=%2Fwp%2Fv2%2Fmedia&parent=55559"}],"wp:term":[{"taxonomy":"category","embeddable":true,"href":"https:\/\/archive.sana.sy\/tr\/index.php?rest_route=%2Fwp%2Fv2%2Fcategories&post=55559"},{"taxonomy":"post_tag","embeddable":true,"href":"https:\/\/archive.sana.sy\/tr\/index.php?rest_route=%2Fwp%2Fv2%2Ftags&post=55559"}],"curies":[{"name":"wp","href":"https:\/\/api.w.org\/{rel}","templated":true}]}}