{"id":55568,"date":"2015-12-17T16:02:43","date_gmt":"2015-12-17T14:02:43","guid":{"rendered":"http:\/\/www.sana.sy\/tr\/?p=55568"},"modified":"2015-12-19T12:02:26","modified_gmt":"2015-12-19T10:02:26","slug":"ulusal-egemenlik-ve-bilmisil-muamele-ilkelerince-turkiye-ile-anlasma-iptal-edildi","status":"publish","type":"post","link":"https:\/\/archive.sana.sy\/tr\/?p=55568","title":{"rendered":"Ulusal Egemenlik ve Bilmisil Muamele \u0130lkelerince T\u00fcrkiye ile Anla\u015fma \u0130ptal Edildi"},"content":{"rendered":"<p>\u015eAM \u2013 Suriye Arap Cumhuriyeti ulusal egemenlik ve bilmisil muamele ilkeleri kapsam\u0131nda bug\u00fcn T\u00fcrkiye ile imzalanan vizesiz giri\u015f \u00e7\u0131k\u0131\u015flar\u0131 iptal etti.<\/p>\n<p>D\u0131\u015fi\u015fleri ve Gurbet\u00e7iler Bakanl\u0131\u011f\u0131 bug\u00fcn yay\u0131nlad\u0131\u011f\u0131 ve SANA\u2019ya bir n\u00fcshas\u0131 ula\u015ft\u0131r\u0131lan resmi beyan\u0131nda; T\u00fcrkiye h\u00fck\u00fcmetinin 13 Ekim 2009 y\u0131l\u0131nda iki \u00fclke aras\u0131nda imzalanan vizesiz giri\u015f \u00e7\u0131k\u0131\u015f anla\u015fmas\u0131n\u0131 12-09-2015 tarihinde tek tarafl\u0131 olarak iptal etmesi ard\u0131ndan s\u00f6z konusu anla\u015fman\u0131n bentleri gere\u011fince anla\u015fman\u0131n 30 g\u00fcn s\u00fcre sonra iptal edilmi\u015f olaca\u011f\u0131n\u0131 ifade etti.<\/p>\n<p>Bakanl\u0131k beyan\u0131nda Suriye Arap Cumhuriyetinin de ulusal egemenlik ve bilmisil muamele ilkeleri kapsam\u0131nda kendi taraf\u0131ndan da s\u00f6z konusu anla\u015fmay\u0131 iptal etti\u011fini belirtti. Belirlenen tarihten sonra T\u00fcrkiye vatanda\u015flar\u0131n\u0131n Suriye&#8217;ye vizesiz giri\u015flerinin yasaklanaca\u011f\u0131na dikkat \u00e7eken bakanl\u0131k; Suriye ve T\u00fcrkiye halklar\u0131na yans\u0131yacak t\u00fcm olumsuz etkilerden tamamen T\u00fcrkiye h\u00fck\u00fcmetini sorumlu tuttu.<\/p>\n","protected":false},"excerpt":{"rendered":"<p>\u015eAM \u2013 Suriye Arap Cumhuriyeti ulusal egemenlik ve bilmisil muamele ilkeleri kapsam\u0131nda bug\u00fcn T\u00fcrkiye ile imzalanan vizesiz giri\u015f \u00e7\u0131k\u0131\u015flar\u0131 iptal etti. D\u0131\u015fi\u015fleri ve Gurbet\u00e7iler Bakanl\u0131\u011f\u0131 bug\u00fcn yay\u0131nlad\u0131\u011f\u0131 ve SANA\u2019ya bir n\u00fcshas\u0131 ula\u015ft\u0131r\u0131lan resmi beyan\u0131nda; T\u00fcrkiye h\u00fck\u00fcmetinin 13 Ekim 2009 y\u0131l\u0131nda iki \u00fclke aras\u0131nda imzalanan vizesiz giri\u015f \u00e7\u0131k\u0131\u015f anla\u015fmas\u0131n\u0131 12-09-2015 tarihinde tek tarafl\u0131 olarak iptal etmesi &hellip;<\/p>\n","protected":false},"author":1,"featured_media":24523,"comment_status":"closed","ping_status":"closed","sticky":false,"template":"","format":"standard","meta":{"footnotes":""},"categories":[479,17988,2554,2555,478],"tags":[2621],"class_list":["post-55568","post","type-post","status-publish","format-standard","has-post-thumbnail","","category-haberler-yerel","category-son-haberler","category-suriye-ve-dunya","category-suriye-ve-turkiye","category-yerel","tag-disisleri-ve-gurbetciler-bakanligi"],"_links":{"self":[{"href":"https:\/\/archive.sana.sy\/tr\/index.php?rest_route=\/wp\/v2\/posts\/55568","targetHints":{"allow":["GET"]}}],"collection":[{"href":"https:\/\/archive.sana.sy\/tr\/index.php?rest_route=\/wp\/v2\/posts"}],"about":[{"href":"https:\/\/archive.sana.sy\/tr\/index.php?rest_route=\/wp\/v2\/types\/post"}],"author":[{"embeddable":true,"href":"https:\/\/archive.sana.sy\/tr\/index.php?rest_route=\/wp\/v2\/users\/1"}],"replies":[{"embeddable":true,"href":"https:\/\/archive.sana.sy\/tr\/index.php?rest_route=%2Fwp%2Fv2%2Fcomments&post=55568"}],"version-history":[{"count":0,"href":"https:\/\/archive.sana.sy\/tr\/index.php?rest_route=\/wp\/v2\/posts\/55568\/revisions"}],"wp:featuredmedia":[{"embeddable":true,"href":"https:\/\/archive.sana.sy\/tr\/index.php?rest_route=\/wp\/v2\/media\/24523"}],"wp:attachment":[{"href":"https:\/\/archive.sana.sy\/tr\/index.php?rest_route=%2Fwp%2Fv2%2Fmedia&parent=55568"}],"wp:term":[{"taxonomy":"category","embeddable":true,"href":"https:\/\/archive.sana.sy\/tr\/index.php?rest_route=%2Fwp%2Fv2%2Fcategories&post=55568"},{"taxonomy":"post_tag","embeddable":true,"href":"https:\/\/archive.sana.sy\/tr\/index.php?rest_route=%2Fwp%2Fv2%2Ftags&post=55568"}],"curies":[{"name":"wp","href":"https:\/\/api.w.org\/{rel}","templated":true}]}}