{"id":55582,"date":"2015-12-17T15:34:46","date_gmt":"2015-12-17T13:34:46","guid":{"rendered":"http:\/\/www.sana.sy\/tr\/?p=55582"},"modified":"2015-12-17T15:34:46","modified_gmt":"2015-12-17T13:34:46","slug":"bm-misaki-ve-uluslar-arasi-kararlara-ihlaldir","status":"publish","type":"post","link":"https:\/\/archive.sana.sy\/tr\/?p=55582","title":{"rendered":"BM Misak\u0131 ve Uluslar aras\u0131 Kararlara \u0130hlaldir"},"content":{"rendered":"<p>NEW YORK \u2013 Suriye&#8217;nin BM\u2019deki Daimi Temsilcisi Be\u015f\u015far el Caferi; Suriye h\u00fck\u00fcmeti ile koordinasyon ve Suriye&#8217;nin onay\u0131 olmadan kim olursa olsun herhangi bir devletin Suriye&#8217;ye \u2018ter\u00f6rle m\u00fccadele\u2019 ya da \u2018yerel g\u00fc\u00e7leri e\u011fitme\u2019 bahaneleri alt\u0131nda askeri g\u00fc\u00e7 g\u00f6ndermesinin BM misak\u0131 ve uluslar aras\u0131 kanunlara kesinlikle ayk\u0131r\u0131 d\u00fc\u015ft\u00fc\u011f\u00fcn\u00fc belirtti.<\/p>\n<p>Rus Sputnik Ajans\u0131na bug\u00fcn yapt\u0131\u011f\u0131 a\u00e7\u0131klamada Caferi; Suriye&#8217;nin Kaide \u00d6rg\u00fct\u00fc ile ba\u011flant\u0131l\u0131 I\u015e\u0130D, Nusra Cephesi ve daha ba\u015fka isimler alt\u0131ndaki ter\u00f6r cemaatleri ve \u015fah\u0131slara kar\u015f\u0131 sava\u015f\u0131n\u0131 azim ve kararl\u0131l\u0131kla s\u00fcrd\u00fcrd\u00fc\u011f\u00fcn\u00fc belirtti. Caferi Suriye&#8217;nin bu sava\u015f\u0131nda halk\u0131n\u0131 ve \u00fclke topraklar\u0131n\u0131 korumada ulusal sorumluluklar\u0131 ve anayasan\u0131n yan\u0131 s\u0131ra uluslar aras\u0131 kanun ve misaklar kapsam\u0131nda hareket etti\u011finin alt\u0131n\u0131 \u00e7izdi.<\/p>\n<p>Suriye&#8217;nin ter\u00f6rle m\u00fccadelede ikili ve \u00e7oklu i\u015fbirli\u011fine haz\u0131r oldu\u011funu bir\u00e7ok kez ifade etti\u011fine dikkat \u00e7eken Caferi; bu ba\u011flamda temel \u015fart\u0131n\u0131n ulusal egemenli\u011fe sayg\u0131 duyman\u0131n yan\u0131 s\u0131ra sivillerin korunmas\u0131 ve h\u00fck\u00fcmet ile koordinasyon oldu\u011funu bir kez daha belirtti.<\/p>\n<p>Caferi Suriye&#8217;nin, ABD komutas\u0131ndaki uluslar aras\u0131 koalisyon g\u00fc\u00e7lerinin Suriye&#8217;de altyap\u0131 ve ekonomi kurumlar\u0131na sald\u0131r\u0131lar\u0131n\u0131n tekrarlanmas\u0131n\u0131 \u00f6nlemek i\u00e7in G\u00fcvenlik Konseyinden \u00fcst\u00fcne d\u00fc\u015fen g\u00f6rev ve sorumlulu\u011fu BM misak\u0131 kapsam\u0131nda etkin olarak \u00fcstlenmesini talep etti\u011fini belirtti. ABD ve komutas\u0131ndaki g\u00fc\u00e7lerin I\u015e\u0130D\u2019e kar\u015f\u0131 m\u00fccadele bahanesi alt\u0131nda Suriye halk\u0131n\u0131n ekonomik kurumlar\u0131 ve hizmet altyap\u0131s\u0131n\u0131 hedef ald\u0131klar\u0131na dikkat \u00e7eken<\/p>\n","protected":false},"excerpt":{"rendered":"<p>NEW YORK \u2013 Suriye&#8217;nin BM\u2019deki Daimi Temsilcisi Be\u015f\u015far el Caferi; Suriye h\u00fck\u00fcmeti ile koordinasyon ve Suriye&#8217;nin onay\u0131 olmadan kim olursa olsun herhangi bir devletin Suriye&#8217;ye \u2018ter\u00f6rle m\u00fccadele\u2019 ya da \u2018yerel g\u00fc\u00e7leri e\u011fitme\u2019 bahaneleri alt\u0131nda askeri g\u00fc\u00e7 g\u00f6ndermesinin BM misak\u0131 ve uluslar aras\u0131 kanunlara kesinlikle ayk\u0131r\u0131 d\u00fc\u015ft\u00fc\u011f\u00fcn\u00fc belirtti. Rus Sputnik Ajans\u0131na bug\u00fcn yapt\u0131\u011f\u0131 a\u00e7\u0131klamada Caferi; Suriye&#8217;nin &hellip;<\/p>\n","protected":false},"author":1,"featured_media":55586,"comment_status":"closed","ping_status":"closed","sticky":false,"template":"","format":"standard","meta":{"footnotes":""},"categories":[458,459,17988],"tags":[17747],"class_list":["post-55582","post","type-post","status-publish","format-standard","has-post-thumbnail","","category-dunya1","category-haberler-arap-uluslararasi-politika","category-son-haberler","tag-suriyenin-bmdeki-daimi-temsilcisi-bessar-el-caferi"],"_links":{"self":[{"href":"https:\/\/archive.sana.sy\/tr\/index.php?rest_route=\/wp\/v2\/posts\/55582","targetHints":{"allow":["GET"]}}],"collection":[{"href":"https:\/\/archive.sana.sy\/tr\/index.php?rest_route=\/wp\/v2\/posts"}],"about":[{"href":"https:\/\/archive.sana.sy\/tr\/index.php?rest_route=\/wp\/v2\/types\/post"}],"author":[{"embeddable":true,"href":"https:\/\/archive.sana.sy\/tr\/index.php?rest_route=\/wp\/v2\/users\/1"}],"replies":[{"embeddable":true,"href":"https:\/\/archive.sana.sy\/tr\/index.php?rest_route=%2Fwp%2Fv2%2Fcomments&post=55582"}],"version-history":[{"count":0,"href":"https:\/\/archive.sana.sy\/tr\/index.php?rest_route=\/wp\/v2\/posts\/55582\/revisions"}],"wp:featuredmedia":[{"embeddable":true,"href":"https:\/\/archive.sana.sy\/tr\/index.php?rest_route=\/wp\/v2\/media\/55586"}],"wp:attachment":[{"href":"https:\/\/archive.sana.sy\/tr\/index.php?rest_route=%2Fwp%2Fv2%2Fmedia&parent=55582"}],"wp:term":[{"taxonomy":"category","embeddable":true,"href":"https:\/\/archive.sana.sy\/tr\/index.php?rest_route=%2Fwp%2Fv2%2Fcategories&post=55582"},{"taxonomy":"post_tag","embeddable":true,"href":"https:\/\/archive.sana.sy\/tr\/index.php?rest_route=%2Fwp%2Fv2%2Ftags&post=55582"}],"curies":[{"name":"wp","href":"https:\/\/api.w.org\/{rel}","templated":true}]}}