{"id":5559,"date":"2014-07-20T15:29:09","date_gmt":"2014-07-20T12:29:09","guid":{"rendered":"http:\/\/www.sana.sy\/tr\/?p=5559"},"modified":"2014-07-20T15:29:09","modified_gmt":"2014-07-20T12:29:09","slug":"cephanelikleri-havaya-ucmasiyla-onlarca-terorist-oldu","status":"publish","type":"post","link":"https:\/\/archive.sana.sy\/tr\/?p=5559","title":{"rendered":"Cephanelikleri Havaya U\u00e7mas\u0131yla Onlarca Ter\u00f6rist \u00d6ld\u00fc"},"content":{"rendered":"<p>\u0130DL\u0130B \u2013 \u0130dlib k\u0131rsal\u0131n\u0131n Benni\u015f Kasabas\u0131 yak\u0131nlar\u0131nda \u2018Ahrar el \u015eam Hareketi\u2019 olarak bilinen ter\u00f6r \u00e7etelerine ait bir cephanelik havaya u\u00e7tu.<\/p>\n<p>Cephanelikte b\u00fcy\u00fck miktarda m\u00fchimmat, bomba d\u00fczenekleri, f\u00fcze, ve muhtelif t\u00fcrleriyle roketlerin bulundu\u011fu belirtilirken, i\u00e7inde bulunan onlarca ter\u00f6ristin \u00f6l\u00fc d\u00fc\u015ft\u00fckleri ifade edildi. \u00d6ld\u00fcr\u00fclen ter\u00f6ristler aras\u0131nda grup eleba\u015f\u0131 Udey Ahmet Allu\u015f\u2019un yan\u0131 s\u0131ra Nedim Nebhan ve Musab Mustafa el Seyyid adl\u0131 az\u0131l\u0131 ter\u00f6ristlerin bulundu\u011fu kaydedildi.<\/p>\n","protected":false},"excerpt":{"rendered":"<p>\u0130DL\u0130B \u2013 \u0130dlib k\u0131rsal\u0131n\u0131n Benni\u015f Kasabas\u0131 yak\u0131nlar\u0131nda \u2018Ahrar el \u015eam Hareketi\u2019 olarak bilinen ter\u00f6r \u00e7etelerine ait bir cephanelik havaya u\u00e7tu. Cephanelikte b\u00fcy\u00fck miktarda m\u00fchimmat, bomba d\u00fczenekleri, f\u00fcze, ve muhtelif t\u00fcrleriyle roketlerin bulundu\u011fu belirtilirken, i\u00e7inde bulunan onlarca ter\u00f6ristin \u00f6l\u00fc d\u00fc\u015ft\u00fckleri ifade edildi. \u00d6ld\u00fcr\u00fclen ter\u00f6ristler aras\u0131nda grup eleba\u015f\u0131 Udey Ahmet Allu\u015f\u2019un yan\u0131 s\u0131ra Nedim Nebhan ve Musab &hellip;<\/p>\n","protected":false},"author":1,"featured_media":5560,"comment_status":"closed","ping_status":"closed","sticky":false,"template":"","format":"standard","meta":{"footnotes":""},"categories":[575],"tags":[],"class_list":["post-5559","post","type-post","status-publish","format-standard","has-post-thumbnail","","category-olaylar-ve-gercekler"],"_links":{"self":[{"href":"https:\/\/archive.sana.sy\/tr\/index.php?rest_route=\/wp\/v2\/posts\/5559","targetHints":{"allow":["GET"]}}],"collection":[{"href":"https:\/\/archive.sana.sy\/tr\/index.php?rest_route=\/wp\/v2\/posts"}],"about":[{"href":"https:\/\/archive.sana.sy\/tr\/index.php?rest_route=\/wp\/v2\/types\/post"}],"author":[{"embeddable":true,"href":"https:\/\/archive.sana.sy\/tr\/index.php?rest_route=\/wp\/v2\/users\/1"}],"replies":[{"embeddable":true,"href":"https:\/\/archive.sana.sy\/tr\/index.php?rest_route=%2Fwp%2Fv2%2Fcomments&post=5559"}],"version-history":[{"count":0,"href":"https:\/\/archive.sana.sy\/tr\/index.php?rest_route=\/wp\/v2\/posts\/5559\/revisions"}],"wp:featuredmedia":[{"embeddable":true,"href":"https:\/\/archive.sana.sy\/tr\/index.php?rest_route=\/wp\/v2\/media\/5560"}],"wp:attachment":[{"href":"https:\/\/archive.sana.sy\/tr\/index.php?rest_route=%2Fwp%2Fv2%2Fmedia&parent=5559"}],"wp:term":[{"taxonomy":"category","embeddable":true,"href":"https:\/\/archive.sana.sy\/tr\/index.php?rest_route=%2Fwp%2Fv2%2Fcategories&post=5559"},{"taxonomy":"post_tag","embeddable":true,"href":"https:\/\/archive.sana.sy\/tr\/index.php?rest_route=%2Fwp%2Fv2%2Ftags&post=5559"}],"curies":[{"name":"wp","href":"https:\/\/api.w.org\/{rel}","templated":true}]}}