{"id":55590,"date":"2015-12-17T09:00:20","date_gmt":"2015-12-17T07:00:20","guid":{"rendered":"http:\/\/www.sana.sy\/tr\/?p=55590"},"modified":"2015-12-17T15:48:31","modified_gmt":"2015-12-17T13:48:31","slug":"homs-kentinin-vaer-semtine-insani-yardim-tasiyan-4-kamyon-gecirildi","status":"publish","type":"post","link":"https:\/\/archive.sana.sy\/tr\/?p=55590","title":{"rendered":"Homs Kentinin Vaer Semtine insani yard\u0131m ta\u015f\u0131yan 4 kamyon ge\u00e7irildi"},"content":{"rendered":"<p>Homs Kentinin Vaer Semtine insani yard\u0131m ta\u015f\u0131yan 4 kamyon ge\u00e7irildi<\/p>\n","protected":false},"excerpt":{"rendered":"<p>Homs Kentinin Vaer Semtine insani yard\u0131m ta\u015f\u0131yan 4 kamyon ge\u00e7irildi<\/p>\n","protected":false},"author":1,"featured_media":55591,"comment_status":"closed","ping_status":"closed","sticky":false,"template":"","format":"standard","meta":{"footnotes":""},"categories":[573],"tags":[18122],"class_list":["post-55590","post","type-post","status-publish","format-standard","has-post-thumbnail","","category-goruntulu-olaylar","tag-homs-kentinin-vaer-semtine-insani-yardim-tasiyan-4-kamyon-gecirildi"],"_links":{"self":[{"href":"https:\/\/archive.sana.sy\/tr\/index.php?rest_route=\/wp\/v2\/posts\/55590","targetHints":{"allow":["GET"]}}],"collection":[{"href":"https:\/\/archive.sana.sy\/tr\/index.php?rest_route=\/wp\/v2\/posts"}],"about":[{"href":"https:\/\/archive.sana.sy\/tr\/index.php?rest_route=\/wp\/v2\/types\/post"}],"author":[{"embeddable":true,"href":"https:\/\/archive.sana.sy\/tr\/index.php?rest_route=\/wp\/v2\/users\/1"}],"replies":[{"embeddable":true,"href":"https:\/\/archive.sana.sy\/tr\/index.php?rest_route=%2Fwp%2Fv2%2Fcomments&post=55590"}],"version-history":[{"count":0,"href":"https:\/\/archive.sana.sy\/tr\/index.php?rest_route=\/wp\/v2\/posts\/55590\/revisions"}],"wp:featuredmedia":[{"embeddable":true,"href":"https:\/\/archive.sana.sy\/tr\/index.php?rest_route=\/wp\/v2\/media\/55591"}],"wp:attachment":[{"href":"https:\/\/archive.sana.sy\/tr\/index.php?rest_route=%2Fwp%2Fv2%2Fmedia&parent=55590"}],"wp:term":[{"taxonomy":"category","embeddable":true,"href":"https:\/\/archive.sana.sy\/tr\/index.php?rest_route=%2Fwp%2Fv2%2Fcategories&post=55590"},{"taxonomy":"post_tag","embeddable":true,"href":"https:\/\/archive.sana.sy\/tr\/index.php?rest_route=%2Fwp%2Fv2%2Ftags&post=55590"}],"curies":[{"name":"wp","href":"https:\/\/api.w.org\/{rel}","templated":true}]}}