{"id":55594,"date":"2015-12-17T09:10:53","date_gmt":"2015-12-17T07:10:53","guid":{"rendered":"http:\/\/www.sana.sy\/tr\/?p=55594"},"modified":"2015-12-17T15:50:14","modified_gmt":"2015-12-17T13:50:14","slug":"suveydada-elektrik-trafosu-degistirildi","status":"publish","type":"post","link":"https:\/\/archive.sana.sy\/tr\/?p=55594","title":{"rendered":"S\u00fcveyda\u2019da Elektrik Trafosu De\u011fi\u015ftirildi"},"content":{"rendered":"<p>S\u00fcveyda\u2019da Elektrik Trafosu De\u011fi\u015ftirildi<\/p>\n","protected":false},"excerpt":{"rendered":"<p>S\u00fcveyda\u2019da Elektrik Trafosu De\u011fi\u015ftirildi<\/p>\n","protected":false},"author":1,"featured_media":55595,"comment_status":"closed","ping_status":"closed","sticky":false,"template":"","format":"standard","meta":{"footnotes":""},"categories":[573],"tags":[18123],"class_list":["post-55594","post","type-post","status-publish","format-standard","has-post-thumbnail","","category-goruntulu-olaylar","tag-suveydada-elektrik-trafosu-degistirildi"],"_links":{"self":[{"href":"https:\/\/archive.sana.sy\/tr\/index.php?rest_route=\/wp\/v2\/posts\/55594","targetHints":{"allow":["GET"]}}],"collection":[{"href":"https:\/\/archive.sana.sy\/tr\/index.php?rest_route=\/wp\/v2\/posts"}],"about":[{"href":"https:\/\/archive.sana.sy\/tr\/index.php?rest_route=\/wp\/v2\/types\/post"}],"author":[{"embeddable":true,"href":"https:\/\/archive.sana.sy\/tr\/index.php?rest_route=\/wp\/v2\/users\/1"}],"replies":[{"embeddable":true,"href":"https:\/\/archive.sana.sy\/tr\/index.php?rest_route=%2Fwp%2Fv2%2Fcomments&post=55594"}],"version-history":[{"count":0,"href":"https:\/\/archive.sana.sy\/tr\/index.php?rest_route=\/wp\/v2\/posts\/55594\/revisions"}],"wp:featuredmedia":[{"embeddable":true,"href":"https:\/\/archive.sana.sy\/tr\/index.php?rest_route=\/wp\/v2\/media\/55595"}],"wp:attachment":[{"href":"https:\/\/archive.sana.sy\/tr\/index.php?rest_route=%2Fwp%2Fv2%2Fmedia&parent=55594"}],"wp:term":[{"taxonomy":"category","embeddable":true,"href":"https:\/\/archive.sana.sy\/tr\/index.php?rest_route=%2Fwp%2Fv2%2Fcategories&post=55594"},{"taxonomy":"post_tag","embeddable":true,"href":"https:\/\/archive.sana.sy\/tr\/index.php?rest_route=%2Fwp%2Fv2%2Ftags&post=55594"}],"curies":[{"name":"wp","href":"https:\/\/api.w.org\/{rel}","templated":true}]}}