{"id":55603,"date":"2015-12-17T16:00:26","date_gmt":"2015-12-17T14:00:26","guid":{"rendered":"http:\/\/www.sana.sy\/tr\/?p=55603"},"modified":"2015-12-19T12:02:39","modified_gmt":"2015-12-19T10:02:39","slug":"hic-kimse-suriyelilere-onlari-kimin-yonetecegini-dayatamaz","status":"publish","type":"post","link":"https:\/\/archive.sana.sy\/tr\/?p=55603","title":{"rendered":"Hi\u00e7 Kimse Suriyelilere Onlar\u0131 Kimin Y\u00f6netece\u011fini Dayatamaz"},"content":{"rendered":"<p>MOSKOVA \u2013 Rusya Ba\u015fkan\u0131 Vladimir Putin Rusya&#8217;n\u0131n Suriye konusundaki tutumunun sabit ve ilkeli bir tutum oldu\u011funu, bu tutumun de\u011fi\u015fmesinin s\u00f6z konusu bile olamayaca\u011f\u0131n\u0131 belirtirken, Suriye&#8217;deki krize siyasi \u00e7\u00f6z\u00fcmden ba\u015fka hi\u00e7bir alternatifin olmad\u0131\u011f\u0131na bir kez daha dikkat \u00e7ekti.<\/p>\n<p>Moskova&#8217;da d\u00fczenledi\u011fi y\u0131ll\u0131k geni\u015fletilmi\u015f bas\u0131n konferans\u0131na Putin; hi\u00e7 kimsenin Suriyelilere kimin onlar\u0131 y\u00f6netece\u011fini dayatmas\u0131n\u0131n kesinlikle m\u00fcmk\u00fcn olmad\u0131\u011f\u0131n\u0131n alt\u0131n\u0131 \u00e7izdi. Bu meselenin mant\u0131k ve do\u011fruluktan uzak oldu\u011funu belirten Putin; ABD d\u0131\u015fi\u015fleri bakan\u0131 John Kerry\u2019nin son olarak Moskova&#8217;ya bulundu\u011fu ziyaretinde bu meseleyi ele ald\u0131klar\u0131n\u0131 s\u00f6yledi.<\/p>\n<p>Putin Rusya&#8217;n\u0131n Suriye&#8217;yi kimin y\u00f6netece\u011fi konusunda kimsenin dayatmalarda bulunmas\u0131na kesinlikle izin vermeyece\u011fini vurgularken, bu konuda de\u011fi\u015fmez ilkeli tutuma sahip oldu\u011funun da alt\u0131n\u0131 \u00e7izdi.<\/p>\n<p>Ter\u00f6r\u00fcn \u00f6zellikle ABD ve Avrupa ba\u015fta olmak \u00fczere geni\u015fleyen tehlikesi \u0131\u015f\u0131\u011f\u0131nda Suriye&#8217;deki krize \u00e7\u00f6z\u00fcm\u00fcn h\u0131zl\u0131 olaca\u011f\u0131 kadar daha fazla kurbanlar\u0131n gitmesinin engellenece\u011fine dikkat \u00e7eken Putin; Kaliforniya\u2019da meydana gelen ve 14 ki\u015finin \u00f6lmesine yol a\u00e7an sald\u0131r\u0131n\u0131n I\u015e\u0130D taraf\u0131ndan \u00fcstlenilmesiyle I\u015e\u0130D\u2019in Amerika\u2019ya da ula\u015ft\u0131\u011f\u0131na i\u015faret etti.<\/p>\n<p>Rus hava g\u00fc\u00e7lerinin Suriye&#8217;deki operasyonlar\u0131 konusunda ise Putin; Rusya&#8217;n\u0131n Suriye&#8217;de ter\u00f6re kar\u015f\u0131 operasyonlar\u0131n\u0131 ve meydanda ter\u00f6rle m\u00fccadele eden Suriye ordusuna deste\u011fini ter\u00f6r\u00fcn sona ermesine dek s\u00fcrd\u00fcrece\u011fini ifade etti.<\/p>\n<p>T\u00fcrkiye rejim g\u00fc\u00e7lerinin Suriye hava sahas\u0131nda Rus u\u00e7a\u011f\u0131 d\u00fc\u015f\u00fcrmeleri konusunda ise Putin; T\u00fcrkiye&#8217;nin bu davran\u0131\u015f\u0131yla d\u00fc\u015fmanc\u0131 tutumunu sergiledi\u011fini ifade etti. T\u00fcrkiye rejiminin u\u00e7a\u011f\u0131 d\u00fc\u015f\u00fcrmeleri ard\u0131ndan Rusya ile temasa ge\u00e7meleri yerine NATO\u2019ya ko\u015ftuklar\u0131na dikkat \u00e7eken Putin; Rusya&#8217;n\u0131n Suriye&#8217;de hava savunma sistemlerini peki\u015ftirdi\u011fine dikkat \u00e7ekti. T\u00fcrk sava\u015f u\u00e7aklar\u0131n\u0131n daha \u00f6nce s\u00fcrekli olarak Suriye hava sahas\u0131n\u0131 ihlal ettiklerine i\u015faret eden Putin; \u201c\u015fimdi ise T\u00fcrkiye&#8217;nin cesareti varsa Suriye hava sahas\u0131n\u0131 ihlal etmeyi hele bir denesin\u201d ifadesini kulland\u0131.<\/p>\n<p>T\u00fcrkiye halk\u0131n\u0131n Rusya&#8217;n\u0131n dostu oldu\u011funu belirten Putin; fakat T\u00fcrkiye h\u00fck\u00fcmeti ile ileti\u015fime ge\u00e7menin zor odlu\u011funu s\u00f6yledi. Putin Rusya&#8217;n\u0131n T\u00fcrkiye ile i\u015fbirli\u011fi i\u00e7inde olmak istedi\u011fi bir zamanda T\u00fcrkiye h\u00fck\u00fcmetinin s\u0131rttan b\u0131\u00e7aklad\u0131\u011f\u0131n\u0131, dolay\u0131s\u0131yla bu h\u00fck\u00fcmetle ili\u015fkileri d\u00fczeltmenin m\u00fcmk\u00fcn olabilece\u011fini d\u00fc\u015f\u00fcnmedi\u011fini s\u00f6zlerine ekledi.<\/p>\n","protected":false},"excerpt":{"rendered":"<p>MOSKOVA \u2013 Rusya Ba\u015fkan\u0131 Vladimir Putin Rusya&#8217;n\u0131n Suriye konusundaki tutumunun sabit ve ilkeli bir tutum oldu\u011funu, bu tutumun de\u011fi\u015fmesinin s\u00f6z konusu bile olamayaca\u011f\u0131n\u0131 belirtirken, Suriye&#8217;deki krize siyasi \u00e7\u00f6z\u00fcmden ba\u015fka hi\u00e7bir alternatifin olmad\u0131\u011f\u0131na bir kez daha dikkat \u00e7ekti. Moskova&#8217;da d\u00fczenledi\u011fi y\u0131ll\u0131k geni\u015fletilmi\u015f bas\u0131n konferans\u0131na Putin; hi\u00e7 kimsenin Suriyelilere kimin onlar\u0131 y\u00f6netece\u011fini dayatmas\u0131n\u0131n kesinlikle m\u00fcmk\u00fcn olmad\u0131\u011f\u0131n\u0131n alt\u0131n\u0131 &hellip;<\/p>\n","protected":false},"author":1,"featured_media":55604,"comment_status":"closed","ping_status":"closed","sticky":false,"template":"","format":"standard","meta":{"footnotes":""},"categories":[458,459,17988],"tags":[18126],"class_list":["post-55603","post","type-post","status-publish","format-standard","has-post-thumbnail","","category-dunya1","category-haberler-arap-uluslararasi-politika","category-son-haberler","tag-hic-kimse-suriyelilere-onlari-kimin-yonetecegini-dayatamaz"],"_links":{"self":[{"href":"https:\/\/archive.sana.sy\/tr\/index.php?rest_route=\/wp\/v2\/posts\/55603","targetHints":{"allow":["GET"]}}],"collection":[{"href":"https:\/\/archive.sana.sy\/tr\/index.php?rest_route=\/wp\/v2\/posts"}],"about":[{"href":"https:\/\/archive.sana.sy\/tr\/index.php?rest_route=\/wp\/v2\/types\/post"}],"author":[{"embeddable":true,"href":"https:\/\/archive.sana.sy\/tr\/index.php?rest_route=\/wp\/v2\/users\/1"}],"replies":[{"embeddable":true,"href":"https:\/\/archive.sana.sy\/tr\/index.php?rest_route=%2Fwp%2Fv2%2Fcomments&post=55603"}],"version-history":[{"count":0,"href":"https:\/\/archive.sana.sy\/tr\/index.php?rest_route=\/wp\/v2\/posts\/55603\/revisions"}],"wp:featuredmedia":[{"embeddable":true,"href":"https:\/\/archive.sana.sy\/tr\/index.php?rest_route=\/wp\/v2\/media\/55604"}],"wp:attachment":[{"href":"https:\/\/archive.sana.sy\/tr\/index.php?rest_route=%2Fwp%2Fv2%2Fmedia&parent=55603"}],"wp:term":[{"taxonomy":"category","embeddable":true,"href":"https:\/\/archive.sana.sy\/tr\/index.php?rest_route=%2Fwp%2Fv2%2Fcategories&post=55603"},{"taxonomy":"post_tag","embeddable":true,"href":"https:\/\/archive.sana.sy\/tr\/index.php?rest_route=%2Fwp%2Fv2%2Ftags&post=55603"}],"curies":[{"name":"wp","href":"https:\/\/api.w.org\/{rel}","templated":true}]}}