{"id":55608,"date":"2015-12-17T19:38:32","date_gmt":"2015-12-17T17:38:32","guid":{"rendered":"http:\/\/www.sana.sy\/tr\/?p=55608"},"modified":"2015-12-18T17:35:11","modified_gmt":"2015-12-18T15:35:11","slug":"teroristler-ele-baslariyla-birlikte-bertaraf-ediliyor","status":"publish","type":"post","link":"https:\/\/archive.sana.sy\/tr\/?p=55608","title":{"rendered":"Ter\u00f6ristler Ele Ba\u015flar\u0131yla Birlikte Bertaraf Ediliyor (video)"},"content":{"rendered":"<p>\u0130LLER \u2013 Yurdun muhtelif b\u00f6lgelerinde ter\u00f6r \u00e7etelerine kar\u015f\u0131 ba\u015far\u0131lar\u0131n\u0131 s\u00fcrd\u00fcren ordu birliklerimiz bug\u00fcn yuva ve kararg\u00e2hlar\u0131na y\u00f6nelik operasyonlar\u0131nda onlarca ter\u00f6risti su\u00e7 aletleri ve eleba\u015flar\u0131yla birlikte etkisiz hale getirdi.<\/p>\n<p><span style=\"color: #0000ff\">HALEP:<\/span><\/p>\n<p>SANA muhabirine a\u00e7\u0131klama yapan askeri bir kaynak; ordu birliklerimizin Halep k\u0131rsal\u0131n\u0131n do\u011fusu Neccara ve Cabiriye k\u00f6ylerinde ihvanc\u0131 Erdo\u011fan rejiminin destekledi\u011fi I\u015e\u0130D ter\u00f6r \u00f6rg\u00fct\u00fcne tabi siper ve karargahlar\u0131 yo\u011fun ate\u015fe tutmalar\u0131yla ter\u00f6rist ve cephane ta\u015f\u0131yan a\u011f\u0131r makineli silahlarla donat\u0131lm\u0131\u015f ara\u00e7lar\u0131n\u0131 imha ettiklerini ifade etti.<\/p>\n<p>Halep Kentinin bat\u0131 kenarlar\u0131na d\u00fc\u015fen Han el Asel B\u00f6lgesinde de ordu birliklerimizin Nusra Cephesi ve \u00e7at\u0131s\u0131 alt\u0131nda bulunan ter\u00f6r \u00f6rg\u00fctlerin toplanma yerleri ve ara\u00e7lar\u0131n\u0131 tamamen imha ettiklerini belirten kaynak; Halep Kenti Leyramun, Firdevs, Beni Zeyd, Maasraniye, \u015eeyh L\u00fctfi ve Bostan el Pa\u015fa semtlerinde yine \u00e7ok say\u0131da ter\u00f6risti \u00f6l\u00fc ve yaral\u0131 d\u00fc\u015f\u00fcrd\u00fcklerini aktard\u0131.<\/p>\n<p>Bu arda ter\u00f6r \u00e7eteleri medya ara\u00e7lar\u0131nda aralar\u0131nda s\u00f6zde \u2018\u015eam Devrimciler Taburlar\u0131\u2019n\u0131n askeri komutan\u0131 Muhammed \u015eeyh el Cub\u2019\u0131n bulundu\u011fu bir\u00e7ok ter\u00f6ristin \u00f6ld\u00fcr\u00fcld\u00fc\u011f\u00fcn\u00fc itiraf etti.<\/p>\n<p><span style=\"color: #0000ff\">DERA:<\/span><\/p>\n<p>Askeri kaynak Dera Beled\u2019te \u0130srail\u2019den destek alan Nusra Cephesi ve di\u011fer ter\u00f6r \u00f6rg\u00fctlere y\u00f6nelik operasyonlar\u0131n\u0131 s\u00fcrd\u00fcren ordu birliklerimizin; Nazihin Kamp\u0131 ve el Men\u015fiye Semtinde ter\u00f6ristlerin hareketlenmeleri ve mevkilerini hedef ald\u0131klar\u0131n\u0131 beyan etti. Kaynak; operasyonlarda \u00e7ok say\u0131da ter\u00f6ristin \u00f6l\u00fc ve yaral\u0131 d\u00fc\u015f\u00fcr\u00fcl\u00fcp z\u0131rhl\u0131 bir araca ek olarak silah ve m\u00fchimmatlar\u0131n\u0131n da tahrip edildi\u011fini s\u00f6zlerine ekledi.<\/p>\n<p>Kaynak; Dera Mahatta\u2019n\u0131n muhtelif b\u00f6lgelerinde de ordu birliklerimizin ter\u00f6ristlerin yuva ve k\u00fcmelenme yerlerini muhtevalar\u0131yla birlikte tamam\u0131yla imha ettiklerine dikkat \u00e7ekti.<\/p>\n<p>https:\/\/www.youtube.com\/watch?v=cyEky3PSgT0<\/p>\n<p><span style=\"color: #0000ff\">S\u00dcVEYDA:<\/span><\/p>\n<p>Bu arada askeri kaynak; ordu birliklerimizin S\u00fcveyda Kentinin yakla\u015f\u0131k 35 km kuzeydo\u011fusuna d\u00fc\u015fen el B\u00fcseyna Tepesinin do\u011fusunda I\u015e\u0130D\u2019e tabi bir ter\u00f6r grubunun t\u00fcm \u00fcyelerini \u00f6l\u00fc ve yaral\u0131 d\u00fc\u015f\u00fcr\u00fcp havzalar\u0131nda bulunan ara\u00e7, silah ve m\u00fchimmatlar\u0131n\u0131 da imha ettiklerini belirtti.<\/p>\n<p><span style=\"color: #0000ff\">HOMS:<\/span><\/p>\n<p>\u00d6te yandan Homs Kentinin yakla\u015f\u0131k 85 km g\u00fcneydo\u011fusuna yak\u0131n d\u00fc\u015fen Mhin Beldesi, Karyeteyn Kenti, Hadas K\u00f6y\u00fc ve Tedmur Kentinin civar\u0131nda hava g\u00fc\u00e7lerimiz I\u015e\u0130D ter\u00f6r \u00f6rg\u00fct\u00fcn\u00fcn siper ve karargahlar\u0131na hava operasyonlar\u0131 ger\u00e7ekle\u015ftirdi. Operasyonlarda radikal ter\u00f6ristleri say\u0131 ve te\u00e7hizatlar\u0131yla a\u011f\u0131r kay\u0131plara yol a\u00e7\u0131ld\u0131.<\/p>\n<p>M.M. &#8211; R.H.<\/p>\n","protected":false},"excerpt":{"rendered":"<p>\u0130LLER \u2013 Yurdun muhtelif b\u00f6lgelerinde ter\u00f6r \u00e7etelerine kar\u015f\u0131 ba\u015far\u0131lar\u0131n\u0131 s\u00fcrd\u00fcren ordu birliklerimiz bug\u00fcn yuva ve kararg\u00e2hlar\u0131na y\u00f6nelik operasyonlar\u0131nda onlarca ter\u00f6risti su\u00e7 aletleri ve eleba\u015flar\u0131yla birlikte etkisiz hale getirdi. HALEP: SANA muhabirine a\u00e7\u0131klama yapan askeri bir kaynak; ordu birliklerimizin Halep k\u0131rsal\u0131n\u0131n do\u011fusu Neccara ve Cabiriye k\u00f6ylerinde ihvanc\u0131 Erdo\u011fan rejiminin destekledi\u011fi I\u015e\u0130D ter\u00f6r \u00f6rg\u00fct\u00fcne tabi siper ve &hellip;<\/p>\n","protected":false},"author":1,"featured_media":55609,"comment_status":"closed","ping_status":"closed","sticky":false,"template":"","format":"standard","meta":{"footnotes":""},"categories":[575],"tags":[18127],"class_list":["post-55608","post","type-post","status-publish","format-standard","has-post-thumbnail","","category-olaylar-ve-gercekler","tag-teroristler-ele-baslariyla-birlikte-bertaraf-ediliyor"],"_links":{"self":[{"href":"https:\/\/archive.sana.sy\/tr\/index.php?rest_route=\/wp\/v2\/posts\/55608","targetHints":{"allow":["GET"]}}],"collection":[{"href":"https:\/\/archive.sana.sy\/tr\/index.php?rest_route=\/wp\/v2\/posts"}],"about":[{"href":"https:\/\/archive.sana.sy\/tr\/index.php?rest_route=\/wp\/v2\/types\/post"}],"author":[{"embeddable":true,"href":"https:\/\/archive.sana.sy\/tr\/index.php?rest_route=\/wp\/v2\/users\/1"}],"replies":[{"embeddable":true,"href":"https:\/\/archive.sana.sy\/tr\/index.php?rest_route=%2Fwp%2Fv2%2Fcomments&post=55608"}],"version-history":[{"count":0,"href":"https:\/\/archive.sana.sy\/tr\/index.php?rest_route=\/wp\/v2\/posts\/55608\/revisions"}],"wp:featuredmedia":[{"embeddable":true,"href":"https:\/\/archive.sana.sy\/tr\/index.php?rest_route=\/wp\/v2\/media\/55609"}],"wp:attachment":[{"href":"https:\/\/archive.sana.sy\/tr\/index.php?rest_route=%2Fwp%2Fv2%2Fmedia&parent=55608"}],"wp:term":[{"taxonomy":"category","embeddable":true,"href":"https:\/\/archive.sana.sy\/tr\/index.php?rest_route=%2Fwp%2Fv2%2Fcategories&post=55608"},{"taxonomy":"post_tag","embeddable":true,"href":"https:\/\/archive.sana.sy\/tr\/index.php?rest_route=%2Fwp%2Fv2%2Ftags&post=55608"}],"curies":[{"name":"wp","href":"https:\/\/api.w.org\/{rel}","templated":true}]}}