{"id":55611,"date":"2015-12-17T18:19:29","date_gmt":"2015-12-17T16:19:29","guid":{"rendered":"http:\/\/www.sana.sy\/tr\/?p=55611"},"modified":"2015-12-17T21:03:13","modified_gmt":"2015-12-17T19:03:13","slug":"sam-kirsalinda-1-sehit-2-yarali","status":"publish","type":"post","link":"https:\/\/archive.sana.sy\/tr\/?p=55611","title":{"rendered":"\u015eam K\u0131rsal\u0131nda 1 \u015eehit, 2 Yaral\u0131"},"content":{"rendered":"<p>\u015eAM KIRSALI \u2013 Vahhabi \u00c2l Suud ve ihvanc\u0131 Erdo\u011fan rejimlerine ba\u011fl\u0131 \u2018\u0130slam Ordusu\u2019na tabi ter\u00f6r \u00e7eteleri savunmas\u0131z insanlar\u0131 ve g\u00fcvenli alanlar\u0131 yine k\u00f6r f\u00fczelerle hedef ald\u0131.<\/p>\n<p>\u015eam \u00c7evre Kent Emniyet M\u00fcd\u00fcrl\u00fc\u011f\u00fcnde bir kaynak SANA\u2019ya a\u00e7\u0131klamas\u0131nda; ter\u00f6ristlerin f\u0131rlatt\u0131\u011f\u0131 5 havan roketinin \u015eam k\u0131rsal\u0131 Vafidin Kamp\u0131na d\u00fc\u015fmeleri sonucunda 1 vatanda\u015f\u0131n \u015fehit, 2 vatanda\u015f\u0131n da yaral\u0131 d\u00fc\u015ft\u00fc\u011f\u00fcn\u00fc; \u00f6zel ve kamu m\u00fclklerde b\u00fcy\u00fck maddi hasar\u0131n olu\u015ftu\u011funu ifade etti.<\/p>\n<p>M.M.<\/p>\n","protected":false},"excerpt":{"rendered":"<p>\u015eAM KIRSALI \u2013 Vahhabi \u00c2l Suud ve ihvanc\u0131 Erdo\u011fan rejimlerine ba\u011fl\u0131 \u2018\u0130slam Ordusu\u2019na tabi ter\u00f6r \u00e7eteleri savunmas\u0131z insanlar\u0131 ve g\u00fcvenli alanlar\u0131 yine k\u00f6r f\u00fczelerle hedef ald\u0131. \u015eam \u00c7evre Kent Emniyet M\u00fcd\u00fcrl\u00fc\u011f\u00fcnde bir kaynak SANA\u2019ya a\u00e7\u0131klamas\u0131nda; ter\u00f6ristlerin f\u0131rlatt\u0131\u011f\u0131 5 havan roketinin \u015eam k\u0131rsal\u0131 Vafidin Kamp\u0131na d\u00fc\u015fmeleri sonucunda 1 vatanda\u015f\u0131n \u015fehit, 2 vatanda\u015f\u0131n da yaral\u0131 d\u00fc\u015ft\u00fc\u011f\u00fcn\u00fc; \u00f6zel &hellip;<\/p>\n","protected":false},"author":1,"featured_media":55612,"comment_status":"closed","ping_status":"closed","sticky":false,"template":"","format":"standard","meta":{"footnotes":""},"categories":[575,17988],"tags":[],"class_list":["post-55611","post","type-post","status-publish","format-standard","has-post-thumbnail","","category-olaylar-ve-gercekler","category-son-haberler"],"_links":{"self":[{"href":"https:\/\/archive.sana.sy\/tr\/index.php?rest_route=\/wp\/v2\/posts\/55611","targetHints":{"allow":["GET"]}}],"collection":[{"href":"https:\/\/archive.sana.sy\/tr\/index.php?rest_route=\/wp\/v2\/posts"}],"about":[{"href":"https:\/\/archive.sana.sy\/tr\/index.php?rest_route=\/wp\/v2\/types\/post"}],"author":[{"embeddable":true,"href":"https:\/\/archive.sana.sy\/tr\/index.php?rest_route=\/wp\/v2\/users\/1"}],"replies":[{"embeddable":true,"href":"https:\/\/archive.sana.sy\/tr\/index.php?rest_route=%2Fwp%2Fv2%2Fcomments&post=55611"}],"version-history":[{"count":0,"href":"https:\/\/archive.sana.sy\/tr\/index.php?rest_route=\/wp\/v2\/posts\/55611\/revisions"}],"wp:featuredmedia":[{"embeddable":true,"href":"https:\/\/archive.sana.sy\/tr\/index.php?rest_route=\/wp\/v2\/media\/55612"}],"wp:attachment":[{"href":"https:\/\/archive.sana.sy\/tr\/index.php?rest_route=%2Fwp%2Fv2%2Fmedia&parent=55611"}],"wp:term":[{"taxonomy":"category","embeddable":true,"href":"https:\/\/archive.sana.sy\/tr\/index.php?rest_route=%2Fwp%2Fv2%2Fcategories&post=55611"},{"taxonomy":"post_tag","embeddable":true,"href":"https:\/\/archive.sana.sy\/tr\/index.php?rest_route=%2Fwp%2Fv2%2Ftags&post=55611"}],"curies":[{"name":"wp","href":"https:\/\/api.w.org\/{rel}","templated":true}]}}