{"id":55614,"date":"2015-12-17T23:10:50","date_gmt":"2015-12-17T21:10:50","guid":{"rendered":"http:\/\/www.sana.sy\/tr\/?p=55614"},"modified":"2015-12-19T12:01:17","modified_gmt":"2015-12-19T10:01:17","slug":"bastan-beri-tutumlarimizi-iki-temel-dayanak-uzerine-yapilandirdik","status":"publish","type":"post","link":"https:\/\/archive.sana.sy\/tr\/?p=55614","title":{"rendered":"Ba\u015ftan Beri Tutumlar\u0131m\u0131z\u0131 \u0130ki Temel Dayanak \u00dczerine Yap\u0131land\u0131rd\u0131k (video)"},"content":{"rendered":"<p>\u015eAM \u2013 Cumhurba\u015fkan\u0131 Be\u015f\u015far el Esad ter\u00f6rle m\u00fccadelenin istikrarl\u0131, daimi ve ilkesel olmas\u0131 gerekti\u011fini belirtirken herhangi bir olaya kar\u015f\u0131 s\u0131rf tepkiden ibaret olmamas\u0131 gerekti\u011fini belirtti.<\/p>\n<p><span style=\"color: #0000ff\">Kimi Avrupal\u0131lar Petrol-Dolar Kar\u015f\u0131l\u0131\u011f\u0131nda \u0130lkelerini Satt\u0131lar<\/span><\/p>\n<p>Hollanda Resmi Televizyonunun 2. Kanal\u0131na verdi\u011fi r\u00f6portajda el Esad; Avrupal\u0131 yetkilileri T\u00fcrkiye \u00fczerinden ter\u00f6re yap\u0131lan be\u015feri, askeri, lojistik ve maddi deste\u011fin kesilmesine \u00e7aba harcamalar\u0131na \u00e7a\u011f\u0131rd\u0131. El Esad Avrupal\u0131 kimi yetkililerin Petro-dolar kar\u015f\u0131l\u0131\u011f\u0131nda ilkelerini satt\u0131klar\u0131n\u0131, Suudili Vahhabi kurumlar\u0131n Avrupa\u2019da radikal ideolojiyi yaymalar\u0131na ve bu kurumlar\u0131n Suriye&#8217;ye tekfirci g\u00f6ndermesine izin verdiklerinin alt\u0131n\u0131 \u00e7izdi.<\/p>\n<p><span style=\"color: #0000ff\">Ter\u00f6ristlerle M\u00fczakerelere Girmek M\u00fcmk\u00fcn De\u011fildir<\/span><\/p>\n<p>Suriye&#8217;nin olaylar\u0131n ba\u015flad\u0131\u011f\u0131 ilk g\u00fcnden itibaren tutumlar\u0131n\u0131 iki temel dayanak \u00fczerine yap\u0131land\u0131rd\u0131\u011f\u0131n\u0131 vurgulayan el Esad; bu dayanaklar\u0131n ilkinin diyalog, ikincisinin ise ter\u00f6rle m\u00fccadele oldu\u011funu ifade etti. Suriye&#8217;nin g\u00fcn\u00fcm\u00fczde de ayn\u0131 tutum ve politikalar\u0131 s\u00fcrd\u00fcrd\u00fc\u011f\u00fcne dikkat \u00e7eken el Esad; Suriye h\u00fck\u00fcmetinin ter\u00f6ristlerle m\u00fczakerelere girmesinin m\u00fcmk\u00fcn olmad\u0131\u011f\u0131n\u0131 da bir kez daha ifade etti. El Esad silah ta\u015f\u0131yan, halk\u0131 \u00f6ld\u00fcren, \u00f6zel ve kamu m\u00fclkleri sabote eden her \u015fah\u0131s\u0131n ter\u00f6rist oldu\u011funu belirtti.<\/p>\n<p><span style=\"color: #0000ff\">Kan\u0131t Ortadad\u0131r<\/span><\/p>\n<p>Be\u015f y\u0131la yak\u0131n s\u00fcren sava\u015ftan sonra Suriye&#8217;den neyin kald\u0131\u011f\u0131na ili\u015fkin soruya cevab\u0131nda el Esad; kalanlar\u0131n halkla ilgili oldu\u011funu ifade etti. El Esad; sava\u015f s\u0131ras\u0131nda altyap\u0131 ve hizmet kurumlar\u0131n\u0131n \u00f6nemli bir b\u00f6l\u00fcm\u00fcn\u00fcn sabote edildi\u011fini s\u00f6yledi.<\/p>\n<p>As\u0131l sorulmas\u0131 gereken sorunun Suriye ve halk\u0131n\u0131n t\u00fcm bu s\u00fcre i\u00e7inde evrensel destekle y\u00fcr\u00fct\u00fclen sava\u015f ve bu tekfirci ideolojiye kar\u015f\u0131 nas\u0131l m\u00fccadele etti\u011finin sorulmas\u0131 gerekti\u011fine dikkat \u00e7eken el Esad; sosyal ve siyasi muhtelif kesimleriyle Suriye halk\u0131n\u0131n d\u00fcnyan\u0131n her yerinden gelen bu tekfircilere kar\u015f\u0131 Suriye h\u00fck\u00fcmetine desteklerine daha \u00e7ok ba\u011fl\u0131 olduklar\u0131n\u0131 s\u00f6yledi.<\/p>\n<p>Bunun kan\u0131t\u0131n\u0131n da h\u00fck\u00fcmetin kontrol\u00fcndeki b\u00f6lgelerde her kesimden ve her bile\u015fenden insanlar\u0131n birlik beraberlik i\u00e7inde ya\u015fad\u0131klar\u0131n\u0131 ifade eden el Esad; ter\u00f6ristlerin bulunduklar\u0131 b\u00f6lgelerde ise sadece ayn\u0131 renkten insanlar\u0131n bulundu\u011funu, veya hi\u00e7bir sivil olmay\u0131p sadece ter\u00f6ristlerin bulundu\u011funa dikkat \u00e7ekti.<\/p>\n<p><span style=\"color: #0000ff\">B\u00fcy\u00fck \u00c7o\u011funlu\u011funun Geri D\u00f6nme Arzusu Suriye&#8217;nin Tutumunu Do\u011fruluyor<\/span><\/p>\n<p><a href=\"http:\/\/www.sana.sy\/tr\/?attachment_id=55657\" rel=\"attachment wp-att-55657\"><img loading=\"lazy\" decoding=\"async\" class=\"size-medium wp-image-55657 alignright\" src=\"http:\/\/www.sana.sy\/tr\/wp-content\/uploads\/2015\/12\/el-Esad-2-1-300x211.jpg\" alt=\"el Esad 2\" width=\"300\" height=\"211\" srcset=\"https:\/\/archive.sana.sy\/tr\/wp-content\/uploads\/2015\/12\/el-Esad-2-1.jpg 300w, https:\/\/archive.sana.sy\/tr\/wp-content\/uploads\/2015\/12\/el-Esad-2-1-150x106.jpg 150w\" sizes=\"auto, (max-width: 300px) 100vw, 300px\" \/><\/a>Suriye&#8217;yi terk edenlerin say\u0131s\u0131n\u0131n olduk\u00e7a y\u00fcksek oldu\u011funa ili\u015fkin soruya cevab\u0131nda el Esad; bunun ku\u015fkusuz ac\u0131 verici bir durum oldu\u011funu s\u00f6yledi. Mevcut ko\u015fullar i\u00e7inde herkesin b\u00fcy\u00fck ac\u0131lar ya\u015fad\u0131\u011f\u0131n\u0131 ifade eden el Esad; Suriye h\u00fck\u00fcmetinin de bu ac\u0131lara yol a\u00e7an ter\u00f6r\u00fc yok etmeye \u00e7al\u0131\u015ft\u0131\u011f\u0131n\u0131 belirtti. El Esad yurdu terk edenlerin, ter\u00f6r sald\u0131r\u0131lar\u0131 ve altyap\u0131y\u0131 sabote etmelerinden dolay\u0131 terk ettiklerini belirtti. Bir di\u011fer nedenin ise Suriye halk\u0131 i\u00e7in timsah g\u00f6zya\u015flar\u0131 d\u00f6ken devletlerin uygulad\u0131klar\u0131 ekonomik yapt\u0131r\u0131mlar\u0131 oldu\u011funu da ifade eden el Esad; ter\u00f6re destek veren bu devletlerin de Suriye&#8217;de k\u00f6t\u00fcle\u015fen insani durumlar\u0131 politikle\u015ftirip f\u0131rsat olarak de\u011ferlendirmeye \u00e7al\u0131\u015ft\u0131klar\u0131na vurgu yapt\u0131.<\/p>\n<p>El Esad her \u015feye ra\u011fmen Suriye&#8217;de ter\u00f6r\u00fcn yok edilip g\u00fcvenlik ve istikrar\u0131n sa\u011flanmas\u0131 ard\u0131ndan Suriye&#8217;yi terk edenlerin b\u00fcy\u00fck \u00e7o\u011funlu\u011funun evlerine d\u00f6nme arzusunda olduklar\u0131n\u0131, bunun da Suriye h\u00fck\u00fcmetinin tutum ve politikalar\u0131n\u0131n do\u011frulu\u011funu kan\u0131tlad\u0131\u011f\u0131n\u0131 belirtti.<\/p>\n<p><span style=\"color: #0000ff\">Suriye H\u00fck\u00fcmetinden Destek Alan Ailelerini Ziyaret Edebilirsin<\/span><\/p>\n<p>Yurtd\u0131\u015f\u0131na ka\u00e7anlar\u0131n bir k\u0131sm\u0131n\u0131n Suriye h\u00fck\u00fcmeti ve ordusundan korkular\u0131 nedeniyle ka\u00e7t\u0131klar\u0131na y\u00f6nelik s\u00f6ylemlere ili\u015fkin soruya cevab\u0131nda el Esad; \u201csizler \u015fu an buradas\u0131n\u0131z ve istedi\u011finiz zaman istedi\u011finiz b\u00f6lgeyi ziyaret edip orada ya\u015fayan ter\u00f6ristlerin ya da denildi\u011fi gibi silahl\u0131lar\u0131n aileleriyle g\u00f6r\u00fc\u015febilirsiniz. Bu ailelerin her hangi bir sorun olmaks\u0131z\u0131n Suriye devletinin deste\u011fi ve g\u00f6zetimi alt\u0131nda ya\u015fad\u0131klar\u0131n\u0131 g\u00f6rebilirsiniz. Ba\u015fka b\u00f6lgelerde radikal ter\u00f6rist evlatlar\u0131 halka, orduya, \u00f6zel ve kamu m\u00fclklere sald\u0131r\u0131rken, aileler burada halk\u0131n aras\u0131nda g\u00fcven i\u00e7inde ya\u015f\u0131yor. \u015eayet Suriyeliler Suriye ordusu ve h\u00fck\u00fcmetinden korktuklar\u0131 i\u00e7in yurtd\u0131\u015f\u0131na ka\u00e7\u0131yorlarsa, evlatlar\u0131 ter\u00f6r saflar\u0131nda bulunan bu aileler neden Suriye&#8217;yi terk etmedi\u2026\u201d \u015feklinde konu\u015ftu.<\/p>\n<p><span style=\"color: #0000ff\">Halk\u0131n\u0131 \u00d6ld\u00fcren Bir H\u00fck\u00fcmetin O Halk\u0131n Deste\u011fini Almas\u0131 M\u00fcmk\u00fcn De\u011fildir<\/span><\/p>\n<p>Avrupa&#8217;ya giden Suriyelilerin Suriye&#8217;de i\u015fkence, cezaevleri ve ordunun kat\u0131 team\u00fcl\u00fcnden s\u00f6z ettiklerini ve bu y\u00fczden Suriye&#8217;den ka\u00e7t\u0131klar\u0131n\u0131 anlatt\u0131klar\u0131na ili\u015fkin soruya cevab\u0131nda el Esad; bunun do\u011fru olup olmad\u0131\u011f\u0131ndan emin olmak i\u00e7in ger\u00e7ek\u00e7i olup durumlar\u0131 incelemek gerekti\u011fini ifade etti.<\/p>\n<p>S\u00f6zlerine devam eden el Esad bu s\u00f6ylemlerin mant\u0131kla hi\u00e7bir ilgisi olmad\u0131\u011f\u0131na dikkat \u00e7ekerken, \u00e7ok say\u0131da devletin destekledi\u011fi bir sava\u015fa kar\u015f\u0131 m\u00fccadelede halk\u0131n deste\u011finin b\u00fcy\u00fck bir \u00f6nem ta\u015f\u0131d\u0131\u011f\u0131n\u0131 belirtti. El Esad Suriye&#8217;deki ko\u015fullar gibi durumlarda halk deste\u011finin g\u00fc\u00e7 anlam\u0131na geldi\u011fini ifade ederken, halk\u0131n g\u00fcc\u00fcne ihtiyac\u0131 olan bir h\u00fck\u00fcmetin o halk\u0131 \u00f6ld\u00fcrmesi, ona i\u015fkence etmesi ya da kendisinden uzakla\u015ft\u0131racak herhangi bir icraatta bulunmas\u0131n\u0131n kesinlikle \u00e7\u0131karlar\u0131na hizmet etmeyece\u011fini s\u00f6yledi.<\/p>\n<p>Dolay\u0131s\u0131yla Suriye h\u00fck\u00fcmetinin bu gibi mant\u0131ks\u0131z bir harekette bulunmas\u0131n\u0131n imkans\u0131z oldu\u011funu belirten el Esad; Suriye&#8217;nin t\u00fcm bu s\u00fcre i\u00e7inde ter\u00f6re kar\u015f\u0131 m\u00fccadele etmesi ve ordunun ter\u00f6ristlere kar\u015f\u0131 ba\u015far\u0131lar\u0131n\u0131n tamamen halk\u0131n deste\u011fi ile oldu\u011funun alt\u0131n\u0131 \u00e7izdi. El Esad halk\u0131na eziyet eden ve onu \u00f6ld\u00fcren bir h\u00fck\u00fcmetin, bu \u015fekilde halk deste\u011fi almas\u0131n\u0131n da m\u00fcmk\u00fcn olmad\u0131\u011f\u0131na vurgu yapt\u0131.<\/p>\n<p>El Esad her \u015feye ra\u011fmen Suriye&#8217;deki ko\u015fullarda ferdi hatalar\u0131n olabilece\u011fini, bu hatalar\u0131n da genelle\u015ftirilmemesi gerekti\u011finin alt\u0131n\u0131 \u00e7izdi. Fakat Suriye h\u00fck\u00fcmetinin ilke ve politikalar\u0131nda halk\u0131n\u0131n g\u00fcvenli\u011fini ve onurunu korudu\u011funu belirten el Esad; bunun aksinin de do\u011fru olmad\u0131\u011f\u0131n\u0131 s\u00f6yledi.<\/p>\n<p><span style=\"color: #0000ff\">Tamamen Politikle\u015ftirilmi\u015f Raporlar<\/span><\/p>\n<p>\u0130nsan Haklar\u0131 \u0130zleme \u00d6rg\u00fct\u00fcn\u00fcn 2011 y\u0131l\u0131ndan sonra Suriye cezaevlerinde \u00f6l\u00fcm vakalar\u0131n\u0131n artt\u0131\u011f\u0131na ili\u015fkin raporu konusunda bir soruya cevab\u0131nda el Esad; bu raporlar\u0131n tamamen politikle\u015ftirilmi\u015f olduklar\u0131na i\u015faret etti. El Esad raporlar\u0131n d\u00fcr\u00fcst bir \u015fekilde haz\u0131rlanmad\u0131klar\u0131n\u0131, bilgi kaynaklar\u0131nda tek tarafl\u0131 kaynaklara dayand\u0131klar\u0131n\u0131n net bir \u015fekilde ortada oldu\u011funu ifade eden el Esad; ter\u00f6ristlerin g\u00fcn\u00fc birlik olarak \u015eam ve daha ba\u015fka b\u00f6lgelerde sivil yerle\u015fim alanlar\u0131n\u0131 ve savunmas\u0131z sivil insanlar\u0131 roket ve f\u00fczelerle geli\u015fi g\u00fczel hedef ald\u0131klar\u0131n\u0131 ifade etti. Bu sald\u0131r\u0131larda \u00e7ok say\u0131da sivil insan\u0131n \u015fehit ve yaral\u0131 d\u00fc\u015ft\u00fcklerine dikkat \u00e7eken el Esad; s\u00f6z konusu bu raporlarda hi\u00e7 bunlardan s\u00f6z edilmemesinin politikle\u015ftirilmi\u015f olduklar\u0131na a\u00e7\u0131k bir kan\u0131t te\u015fkil etti\u011finin alt\u0131n\u0131 \u00e7izdi.<\/p>\n<p>S\u00f6zlerine devam eden el Esad; ter\u00f6ristlerin internet \u00fczerinde g\u00fcn\u00fc birlik olarak i\u015fledikleri vah\u015fetleri g\u00f6r\u00fcnt\u00fcleyen videolar yay\u0131nlad\u0131klar\u0131n\u0131, tekfirci ideolojiyle kafa kesme ve insanl\u0131k d\u0131\u015f\u0131 i\u015fkence videolar\u0131ndan hi\u00e7 s\u00f6z edilmemesinin s\u00f6z konusu raporlar\u0131n g\u00fcvenirli\u011fini sarst\u0131\u011f\u0131n\u0131 belirtti.<\/p>\n<p><span style=\"color: #0000ff\">BM Raporlar\u0131 da Dahildir<\/span><\/p>\n<p>BM raporlar\u0131n\u0131n da ayn\u0131 kategoride olup olmad\u0131\u011f\u0131na ili\u015fkin soruya cevab\u0131nda el Esad; ku\u015fkusuz BM\u2019nin de raporlar\u0131n\u0131n ayn\u0131 oldu\u011funu s\u00f6yledi.<\/p>\n<p>El Esad BM\u2019nin ABD\u2019nin hegemonyas\u0131nda oldu\u011funa dikkat \u00e7ekerken, ABD\u2019nin de Suriye ve halk\u0131n\u0131n d\u00fc\u015fman\u0131 oldu\u011funu ifade etti. Bu ger\u00e7e\u011fin herkes taraf\u0131ndan bilindi\u011fini ifade eden el Esad; dolay\u0131s\u0131yla raporlar\u0131n\u0131n yine tek tarafl\u0131 kaynaklara dayal\u0131 politikle\u015ftirilmi\u015f raporlar oldu\u011funu s\u00f6zlerine ekledi.<\/p>\n<p>Bunlar\u0131n yan\u0131 s\u0131ra para kar\u015f\u0131l\u0131\u011f\u0131nda bir\u00e7ok insana istedi\u011finizi s\u00f6yletmenin m\u00fcmk\u00fcn oldu\u011funa dikkat \u00e7eken el Esad; katar ve Suudi Arabistan paralar\u0131yla haz\u0131rlanan raporlara vurgu yapt\u0131. El Esad g\u00fcvenilir ve d\u00fcr\u00fcst bir rapor haz\u0131rlamak isteyenlerin Suriye&#8217;ye gelip durumlar\u0131 yak\u0131ndan izlemeleri, tarafs\u0131z ve d\u00fcr\u00fcst olmalar\u0131 gerekti\u011finin alt\u0131n\u0131 \u00e7izdi.<\/p>\n<p><span style=\"color: #0000ff\">Ter\u00f6re Kar\u015f\u0131 M\u00fccadele \u0130lkesel ve Daimi Olmal\u0131d\u0131r<\/span><\/p>\n<p>Hollanda\u2019n\u0131n Irak\u2019ta I\u015e\u0130D\u2019e kar\u015f\u0131 operasyonlara kat\u0131lmas\u0131 konusunda ise el Esad; Bat\u0131l\u0131lar\u0131n ter\u00f6re kar\u015f\u0131 hareketlenmelerinin 11 Eyl\u00fclden sonra ba\u015flad\u0131\u011f\u0131na dikkat \u00e7ekti.<\/p>\n<p>Bunun yan\u0131 s\u0131ra Kaide ve Nusra Cephesinin I\u015e\u0130D\u2019ten \u00f6nce var olmalar\u0131na ra\u011fmen neden Bat\u0131l\u0131lar\u0131n ter\u00f6re kar\u015f\u0131 m\u00fccadele \u00e7abalar\u0131 olmad\u0131\u011f\u0131na dikkat \u00e7eken el Esad; ter\u00f6rle m\u00fccadelenin daimi ve ilkesel olmas\u0131 gerekti\u011fini, bir olaya kar\u015f\u0131 tepki niteli\u011finde olmamas\u0131 gerekti\u011finin alt\u0131n\u0131 \u00e7izdi. El Esad Avrupa devletlerinin ise sadece tepki kapsam\u0131nda ter\u00f6rle sava\u015ft\u0131klar\u0131n\u0131 s\u00f6yledi.<\/p>\n<p>Bir di\u011fer noktan\u0131n ise Avrupa&#8217;n\u0131n tutumlar\u0131n\u0131n ABD\u2019nin tutumlar\u0131yla ba\u011flant\u0131l\u0131 oldu\u011funa dikkat \u00e7eken el Esad; Avrupa&#8217;n\u0131n ABD\u2019den ba\u011f\u0131ms\u0131z olmad\u0131\u011f\u0131n\u0131n herkes taraf\u0131ndan bilindi\u011fini s\u00f6yledi. El Esad ABD\u2019nin de tutumlar\u0131n\u0131n ger\u00e7ek\u00e7i olmad\u0131\u011f\u0131n\u0131 belirtti.<\/p>\n<p>Cumhurba\u015fkan\u0131 el Esad ter\u00f6re kar\u015f\u0131 sava\u015fta niyetin de \u00f6nemli oldu\u011funu belirtirken, ABD komutas\u0131ndaki uluslar aras\u0131 koalisyonun bir y\u0131ldan fazla s\u00fcredir I\u015e\u0130D mevkilerini bombalad\u0131klar\u0131n\u0131 iddia etmelerine ra\u011fmen t\u00fcm bu s\u00fcre i\u00e7inde I\u015e\u0130D\u2019in zay\u0131flamas\u0131 bir yana kals\u0131n daha \u00e7ok geni\u015fledi\u011fini bile s\u00f6ylemin m\u00fcmk\u00fcn oldu\u011funu s\u00f6yledi.<\/p>\n<p><span style=\"color: #0000ff\">\u015eayet Ciddiyseler Temasa Ge\u00e7melerini Engelleyecek Bir Neden Yok<\/span><\/p>\n<p>Hollanda h\u00fck\u00fcmetinin \u00f6n\u00fcm\u00fczdeki ay i\u00e7inde Suriye hava sahas\u0131n\u0131 kullanarak I\u015e\u0130D mevkilerini bombalama konusunda karar alabilece\u011fine ili\u015fkin soruya cevab\u0131nda el Esad; Suriye h\u00fck\u00fcmetinin onay ve koordinasyonu olmadan kesinlikle kanunsuz olaca\u011f\u0131n\u0131 belirtti.<\/p>\n<p>El Esad ter\u00f6rle ciddi bir m\u00fccadele veren ve niyeti iyi olan herkesin Suriye h\u00fck\u00fcmeti ile temasa girmesi \u00f6n\u00fcnde hi\u00e7 bir engelin bulunmad\u0131\u011f\u0131n\u0131n alt\u0131n\u0131 \u00e7izdi. Bat\u0131l\u0131lar\u0131n Suriye&#8217;ye y\u00f6nelik tutumlar\u0131n\u0131 ele\u015ftiren el Esad; ter\u00f6rle m\u00fccadele mevzusu olsa bile Suriye h\u00fck\u00fcmeti ile koordinasyona ge\u00e7meyi kabul etmemelerinin mant\u0131kla alakas\u0131 olmad\u0131\u011f\u0131n\u0131 ifade etti.<\/p>\n<p><span style=\"color: #0000ff\">Kimi Devletler Bizlere \u0130stihbarat Cihazlar\u0131n\u0131 G\u00f6nderiyor<\/span><\/p>\n<p><a href=\"http:\/\/www.sana.sy\/tr\/?attachment_id=55617\" rel=\"attachment wp-att-55617\"><img loading=\"lazy\" decoding=\"async\" class=\"size-medium wp-image-55617 alignright\" src=\"http:\/\/www.sana.sy\/tr\/wp-content\/uploads\/2015\/12\/Esad-7-300x150.jpg\" alt=\"Esad\" width=\"300\" height=\"150\" srcset=\"https:\/\/archive.sana.sy\/tr\/wp-content\/uploads\/2015\/12\/Esad-7-300x150.jpg 300w, https:\/\/archive.sana.sy\/tr\/wp-content\/uploads\/2015\/12\/Esad-7-150x75.jpg 150w, https:\/\/archive.sana.sy\/tr\/wp-content\/uploads\/2015\/12\/Esad-7.jpg 660w\" sizes=\"auto, (max-width: 300px) 100vw, 300px\" \/><\/a>Bat\u0131l\u0131 bir k\u0131s\u0131m devletlerin ter\u00f6rden endi\u015feleri nedeniyle istihbarat cihazlar\u0131n\u0131 Suriye&#8217;ye g\u00f6nderdiklerini ve g\u00fcvenlik bilgileri istediklerini belirten el Esad; Suriye&#8217;nin ter\u00f6rle m\u00fccadelede koordinasyona girmeyecek taraflara g\u00fcvenlik bilgilerini payla\u015fmay\u0131 reddetti\u011fini s\u00f6yledi.<\/p>\n<p><span style=\"color: #0000ff\">Hi\u00e7 Kimsenin Bunu Kabul Etmesi M\u00fcmk\u00fcn De\u011fildir<\/span><\/p>\n<p>Hollanda ve Bat\u0131l\u0131 daha ba\u015fka devletlerin \u2018Suriye&#8217;de g\u00fcvenlik ve istikrar\u0131n sa\u011flanmas\u0131 i\u00e7in el Esad\u2019\u0131n g\u00f6revinden \u00e7ekilmesi gerekti\u011fi\u2019 y\u00f6n\u00fcndeki a\u00e7\u0131klamalar konusunda el Esad; bu s\u00f6ylemlerin s\u00f6z konusu devletlerin ter\u00f6rle m\u00fccadeledeki ciddiyetsizliklerinin yan\u0131 s\u0131ra Suriye&#8217;deki sava\u015fta oynad\u0131klar\u0131 role bir kan\u0131t te\u015fkil etti\u011fini belirtti.<\/p>\n<p>Hi\u00e7bir devlet ya da insan\u0131n ba\u015fka bir devlet yada devletten insanlar\u0131n gelip de y\u00f6neticilerini belirlemesini kabul etmelerinin kesinlikle m\u00fcmk\u00fcn olmad\u0131\u011f\u0131n\u0131n alt\u0131n\u0131 \u00e7izdi. El Esad egemen bir devletin ve onurlu bir halk\u0131n d\u0131\u015far\u0131dan kendilerine y\u00f6netici dayat\u0131lmas\u0131n\u0131 kabul etmeyece\u011fini, Suriye&#8217;nin de egemen, halk\u0131n\u0131n da onurlu bir halk oldu\u011funu vurgulad\u0131.<\/p>\n<p>S\u00f6zlerine devam eden el Esad, bundan dolay\u0131 da Suriye&#8217;nin bu y\u00f6ndeki t\u00fcm s\u00f6ylem ve a\u00e7\u0131klamalara \u00f6nem vermedi\u011fini belirtti. Suriye&#8217;nin \u00f6nem verdi\u011fi noktan\u0131n Suriyelilerin ne istedikleri oldu\u011funu ifade eden el Esad; Suriye&#8217;de kimin g\u00f6revinde kalaca\u011f\u0131n\u0131 ve kimin de gidece\u011fini belirleme hakk\u0131na sahip yegane taraf oldu\u011funu belirtti.<\/p>\n<p><span style=\"color: #0000ff\">Kaosta Bu Normaldir<\/span><\/p>\n<p>\u00d6zellikle Hollanda ve Bel\u00e7ika\u2019dan olmak \u00fczere Avrupa\u2019dan gelen \u00e7ok say\u0131da cihat\u00e7\u0131n\u0131n Suriye&#8217;ye neden geldiklerine ili\u015fkin soruya cevab\u0131nda el Esad; temelde bunlar\u0131n Avrupa&#8217;da ne yapt\u0131klar\u0131n\u0131n sorulmas\u0131 gerekti\u011fini ifade etti.<\/p>\n<p>El Esad T\u00fcrkiye, Suudi Arabistan, Katar ve kimi Avrupa devletlerinin Suriye&#8217;de ter\u00f6ristlere her t\u00fcrl\u00fc deste\u011fi temin ettiklerini, onlara b\u00fcy\u00fck miktarda para ve silah verdiklerine dikkat \u00e7ekti. Bunun ve ortaya \u00e7\u0131kan kaos ortam\u0131nda tekfircilerin Suriye&#8217;ye gelmelerinin normal oldu\u011funa i\u015faret eden el Esad; Avrupal\u0131lar\u0131n ter\u00f6re kar\u015f\u0131 ger\u00e7ek\u00e7i icraatlar almad\u0131klar\u0131n\u0131 s\u00f6yledi.<\/p>\n<p>Avrupa\u2019n\u0131n cihat\u00e7\u0131lara kar\u015f\u0131 ne yapmas\u0131 gerekti\u011fi konusunda bir soruya cevab\u0131nda ise el Esad; Avrupa devletlerinin bu radikalleri Avrupa toplumlar\u0131na katmak i\u00e7in bir ad\u0131m atmad\u0131klar\u0131n\u0131, kantonlar i\u00e7inde b\u0131rakarak radikalliklerini peki\u015ftirmelerine izin verdi\u011fini ifade etti.<\/p>\n<p>Bir di\u011fer nedenin ise Avrupal\u0131 kimi yetkililerin petrodolar kar\u015f\u0131l\u0131\u011f\u0131nda ilkelerini satt\u0131klar\u0131n\u0131 belirten el Esad; Suudili ve daha ba\u015fka radikal kurumlar\u0131n karanl\u0131k ideolojilerini yaymalar\u0131na izin verdiklerine dikkat \u00e7ekti.<\/p>\n<p><span style=\"color: #0000ff\">S\u00f6ylediklerinin Hi\u00e7bir \u00d6nemi Yoktur<\/span><\/p>\n<p>ABD, Fransa ve daha ba\u015fka devletlerin daha \u00f6nce kendisinin g\u00f6revden \u00e7ekilmesini ko\u015ful ko\u015fmalar\u0131yla son zamanlarda kalabilece\u011fine ili\u015fkin a\u00e7\u0131klamalar\u0131na ili\u015fkin soruya cevab\u0131nda el Esad; \u201cbunlar\u0131 s\u00f6yledikleri i\u00e7in onlara te\u015fekk\u00fcr ederim. Asl\u0131nda bavulumu toplay\u0131p gitmeye haz\u0131rlan\u0131yordum. \u015eimdi ise kalabilirim..\u201d ifadesiyle alay etti.<\/p>\n<p>Suriye&#8217;nin bu gibi s\u00f6ylemlere kulak vermedi\u011fini belirten el Esad; s\u00f6z konusu bu devletlerin d\u00f6rt y\u0131la yak\u0131n s\u00fcredir ayn\u0131 \u015feyleri s\u00f6ylediklerini, pratikte de hi\u00e7bir \u015feyin de\u011fi\u015fmedi\u011fini ifade etti. Suriye&#8217;de y\u00f6netimde kimin olaca\u011f\u0131n\u0131n bir kez daha sadece ve sadece Suriyeliler taraf\u0131ndan belirlenece\u011fini vurgulayan el Esad; gerek ABD, gerek Obama gerekse Avrupa ve ya kim olursa olsun Suriye y\u00f6netiminin \u015fu ya da bu kadar s\u00fcre sonra g\u00f6revden \u00e7ekilmesi y\u00f6n\u00fcnde s\u00f6ylediklerinin hi\u00e7bir anlam ya da de\u011feri olmad\u0131\u011f\u0131n\u0131 s\u00f6yledi.<\/p>\n<p>Bu gibi s\u00f6ylem ve tutumlar\u0131n g\u00f6r\u00fc\u015fmelerde yard\u0131mc\u0131 olaca\u011f\u0131na ili\u015fkin soruya cevab\u0131nda el Esad; Suriye&#8217;de cumhurba\u015fkan\u0131n\u0131n kim oldu\u011fu ile I\u015e\u0130D, Nusra Cephesi ve di\u011fer ter\u00f6r \u00f6rg\u00fctleri desteklemek aras\u0131nda bir ba\u011flant\u0131n\u0131n olmamas\u0131 gerekti\u011fini vurgulad\u0131. El Esad s\u00f6z konusu devletler ve benzer s\u00f6ylemlerde bulunan medya ara\u00e7lar\u0131n\u0131n tek ama\u00e7lar\u0131n\u0131n kamuoyunu aldatmak oldu\u011funun alt\u0131n\u0131 \u00e7izdi.<\/p>\n<p>El Esad sonu\u00e7 itibar\u0131yla Avrupal\u0131 yada ba\u015fka herhangi bir devlet \u015fayet ger\u00e7ekten Suriye&#8217;deki krize \u00e7\u00f6z\u00fcm bulmak istiyorsa her \u015feyden \u00f6nce Suriye&#8217;ye ter\u00f6rist ak\u0131n\u0131na son vermesi ve ter\u00f6re maddi ve askeri deste\u011fin kesilmesine \u00e7al\u0131\u015fmas\u0131 gerekti\u011fine vurgu yapt\u0131.<\/p>\n<p><span style=\"color: #0000ff\">T\u00fcrkiye Lojistik Anahtard\u0131r<\/span><\/p>\n<p>Ter\u00f6re askeri ve maddi destekte T\u00fcrkiye&#8217;nin anahtar oldu\u011fu konusunda bir soruya cevab\u0131nda el Esad; T\u00fcrkiye&#8217;nin ku\u015fkusuz olarak ter\u00f6re lojistik anahtar oldu\u011funu, Suudi Arabistan\u2019\u0131n da paras\u0131 ve ideolojisiyle bir di\u011fer anahtar\u0131 temsil etti\u011fini belirtti.<\/p>\n<p><span style=\"color: #0000ff\">H\u00fck\u00fcmetin Ter\u00f6ristlerle M\u00fczakerelere Oturmas\u0131 M\u00fcmk\u00fcn De\u011fildir<\/span><\/p>\n<p>H\u00fck\u00fcmetin kimlerle diyalog ve m\u00fczakerelere oturabilece\u011fine ili\u015fkin soruya cevab\u0131nda el Esad; orduya, halka, kamu ve \u00f6zel m\u00fclklere kar\u015f\u0131 silah ta\u015f\u0131yan herkesin ter\u00f6rist oldu\u011funu belirtti.<\/p>\n<p>El Esad Suriye h\u00fck\u00fcmetinin de ter\u00f6ristlerle m\u00fczakerelere oturmas\u0131n\u0131n m\u00fcmk\u00fcn olmad\u0131\u011f\u0131n\u0131 ifade etti. Silahlar\u0131n\u0131 b\u0131rakanlarla g\u00f6r\u00fc\u015fmelerin olabilece\u011fine i\u015faret eden el Esad; daha \u00f6nce benzer bir dizi \u00e7aban\u0131n oldu\u011funu ve ba\u015far\u0131 kaydedildi\u011fini s\u00f6yledi.<\/p>\n<p><span style=\"color: #0000ff\">ABD\u2019den Korkular\u0131 Nedeniyle Buna Cesaret Edemiyorlar<\/span><\/p>\n<p>Ter\u00f6r\u00fc destekleyen devletlerle g\u00f6r\u00fc\u015fmelerin m\u00fcmk\u00fcn olup olmad\u0131\u011f\u0131 konusunda ise el Esad; Suriye&#8217;nin sorunun \u00e7\u00f6z\u00fclmesinde ciddi ve d\u00fcr\u00fcst olan herkesle temasa haz\u0131r oldu\u011funu belirtti.<\/p>\n<p>El Esad;\u201d fakat as\u0131l mesele ya da as\u0131l sorulmas\u0131 gereken soru; Suriye&#8217;de ter\u00f6r\u00fc destekleyen devletlerden hangisinin bu tutumunu de\u011fi\u015ftirmeye ve ger\u00e7ekten ter\u00f6re deste\u011fini kesmeye istekli oldu\u011fu sorusudur\u201d dedi.<\/p>\n<p>Avrupa&#8217;da say\u0131lar\u0131 az olan birka\u00e7 devletin Suriye ile temasa girme arzusunda oldu\u011funu belirten el Esad; fakat bu devletlerin ABD\u2019den korkular\u0131 nedeniyle buna cesaret edemediklerini belirtti.<\/p>\n<p>Suriye&#8217;de kriz \u00f6ncesinde siyasi partilerin \u00f6zg\u00fcrl\u00fc\u011f\u00fc ve demokrasi durumu konusunda el Esad; ku\u015fkusuz ki Suriye&#8217;nin bu konularda Avrupa devletlerine benzeyecek konumda olmad\u0131\u011f\u0131n\u0131 ifade etti.<\/p>\n<p>El Esad fakat meselenin temelde k\u00fclt\u00fcr meselesi oldu\u011funu, demokrasi ve \u00f6zg\u00fcrl\u00fc\u011f\u00fcn sorumlu bir \u015fekilde hayata ge\u00e7irilmesi i\u00e7in \u00f6nce bir k\u00fclt\u00fcrel de\u011fi\u015fimin olmas\u0131 gerekti\u011fini belirtti. Suriye&#8217;nin de krizden \u00f6nce bu y\u00f6nde \u00f6nemli ad\u0131mlar att\u0131\u011f\u0131n\u0131 ifade eden el Esad; sonu\u00e7 itibar\u0131yla demokratik s\u00fcrecin sosyal, k\u00fclt\u00fcrel ve siyasi bir s\u00fcrecin toplam\u0131 oldu\u011funu belirtti.<\/p>\n<p><span style=\"color: #0000ff\">Bu Rakam B\u00fcy\u00fck Bir Rakam De\u011fildir<\/span><\/p>\n<p>Olaylar\u0131n ba\u015f\u0131nda y\u00f6netime kar\u015f\u0131 g\u00f6sterilerin oldu\u011fu ve devletin bu g\u00f6sterileri bast\u0131rd\u0131\u011f\u0131 y\u00f6n\u00fcnde bir soruya cevab\u0131nda el Esad; g\u00f6steriler boyunca en b\u00fcy\u00fck rakam\u0131n maksimum 130 bin oldu\u011funa dikkat \u00e7ekti. Bu rakam\u0131n ikiye ve hatta \u00fc\u00e7e katlanmas\u0131 halinde bile 24 milyon n\u00fcfuslu bir devlette pek b\u00fcy\u00fck bir rakam olmad\u0131\u011f\u0131na dikkat \u00e7eken el Esad; bunlar\u0131n aras\u0131nda Katar\u2019\u0131n paras\u0131yla da g\u00f6steriye \u00e7\u0131kanlar\u0131n say\u0131s\u0131n\u0131n y\u00fcksek oldu\u011funu belirtti.<\/p>\n<p>El Esad kimi taraflar\u0131n g\u00f6stericileri provokasyon ama\u00e7l\u0131 kulland\u0131klar\u0131n\u0131, g\u00f6sterilerin ilk haftas\u0131nda bile g\u00f6stericilerin aras\u0131nda ter\u00f6ristler s\u0131zd\u0131r\u0131larak tepki i\u00e7in polislerin \u00f6ld\u00fcr\u00fcld\u00fc\u011f\u00fcn\u00fc belirtti. El Esad ilk haftada g\u00f6stericilerin aras\u0131nda otomatik ve makineli silahlar ta\u015f\u0131yan ter\u00f6ristlerin bulundu\u011funa dikkat \u00e7ekerken, bu g\u00f6sterilerde \u00e7ok say\u0131da polisin \u00f6ld\u00fcr\u00fcld\u00fc\u011f\u00fcn\u00fc ifade etti.<\/p>\n<p>El Esad her \u015feye ra\u011fmen her hangi bir devlette g\u00f6revden \u00e7ekilmesi gereken bir y\u00f6netici varsa bu tamamen yasal yollar ve se\u00e7imlerle olmas\u0131 gerekti\u011finin alt\u0131n\u0131 \u00e7izdi.<\/p>\n<p><span style=\"color: #0000ff\">Onlarla G\u00f6r\u00fc\u015fmen M\u00fcmk\u00fcnd\u00fcr<\/span><\/p>\n<p><a href=\"http:\/\/www.sana.sy\/tr\/?attachment_id=55657\" rel=\"attachment wp-att-55657\"><img loading=\"lazy\" decoding=\"async\" class=\"size-medium wp-image-55657 alignright\" src=\"http:\/\/www.sana.sy\/tr\/wp-content\/uploads\/2015\/12\/el-Esad-2-1-300x211.jpg\" alt=\"el Esad 2\" width=\"300\" height=\"211\" srcset=\"https:\/\/archive.sana.sy\/tr\/wp-content\/uploads\/2015\/12\/el-Esad-2-1.jpg 300w, https:\/\/archive.sana.sy\/tr\/wp-content\/uploads\/2015\/12\/el-Esad-2-1-150x106.jpg 150w\" sizes=\"auto, (max-width: 300px) 100vw, 300px\" \/><\/a>Ge\u00e7en y\u0131llar i\u00e7inde Suriye&#8217;de ger\u00e7ek anlamda y\u00f6netime kar\u015f\u0131 olan muhaliflerin olup olmad\u0131\u011f\u0131 konusunda el Esad, ku\u015fkusuz bulundu\u011funu ve isteyen herkesin onlarla istedi\u011fi zaman g\u00f6r\u00fc\u015febilece\u011fini belirtti.<\/p>\n<p>Bu muhaliflerin Suriye&#8217;de ya\u015fad\u0131klar\u0131n\u0131 ve ger\u00e7ek halk taban\u0131na da sahip olduklar\u0131n\u0131 belirten el Esad; Suriye&#8217;de anayasa kapsam\u0131nda muhalefetin faaliyet g\u00f6stermesine izin verildi\u011finin alt\u0131n\u0131 \u00e7izdi.<\/p>\n<p>Bar\u0131\u015f\u00e7\u0131l g\u00f6steriler olarak nitelendirilen ve devletin bask\u0131lar\u0131 sonucunda bu g\u00f6sterilerin alt\u0131 ay sonra silahl\u0131 eylemlere d\u00f6n\u00fc\u015ft\u00fc\u011f\u00fc y\u00f6n\u00fcndeki s\u00f6ylemlerin asl\u0131 ger\u00e7e\u011fi olmad\u0131\u011f\u0131n\u0131 belirten el Esad; ilk haftada \u00f6len polislerin say\u0131s\u0131n\u0131n da bunu kan\u0131tlad\u0131\u011f\u0131n\u0131 belirtti.<\/p>\n<p><span style=\"color: #0000ff\">Bu Konuda Hakem Suriye Halk\u0131d\u0131r<\/span><\/p>\n<p>Kriz boyunca Suriye ve halk\u0131n\u0131 korumak i\u00e7in gereken her \u015feyi yap\u0131p yapmad\u0131\u011f\u0131na ili\u015fkin soruya cevab\u0131nda el Esad; bu konuda hakemin kendisi de\u011fil de Suriye halk\u0131 oldu\u011funu belirtti.<\/p>\n<p>El Esad Bat\u0131l\u0131 medyada devletin halka kar\u015f\u0131 \u015fiddet ve bask\u0131 uygulad\u0131\u011f\u0131 iddialar\u0131n\u0131n yay\u0131lmas\u0131na ra\u011fmen Suriyelilerin bir\u00e7o\u011funun bu konuda farkl\u0131 g\u00f6r\u00fc\u015flere sahip odlu\u011funa dikkat \u00e7ekti. Suriyelilerin b\u00fcy\u00fck bir \u00e7o\u011funlu\u011funun devlet ba\u015ftan beri bask\u0131 g\u00f6sterseydi ve ter\u00f6ristlerin bulunduklar\u0131 b\u00f6lgelere \u015fiddet uygulasayd\u0131 bu hale gelinmeyece\u011fini d\u00fc\u015f\u00fcnd\u00fcklerine dikkat \u00e7eken el Esad; bu \u015fekilde d\u00fc\u015f\u00fcnen muhtelif kesimlerden ve bile\u015fenlerden geni\u015f bir halk kitlesinin bulundu\u011funa dikkat \u00e7ekti.<\/p>\n<p>El Esad her \u015feye ra\u011fmen Suriye&#8217;yi hedef alan planlar\u0131n zamanla netle\u015fmesiyle neyin do\u011fru yap\u0131ld\u0131\u011f\u0131 neyin de yanl\u0131\u015f oldu\u011fu konusunda h\u00fck\u00fcm vermek i\u00e7in sonu beklemenin gerekti\u011fini s\u00f6yledi.<\/p>\n<p><span style=\"color: #0000ff\">Gerekli Ad\u0131mlar At\u0131l\u0131rsa Bir Y\u0131lda Biter<\/span><\/p>\n<p>Suriye&#8217;deki krizin ne zaman son bulaca\u011f\u0131 konusunda ise el Esad; ter\u00f6re maddi ve askeri deste\u011fin kesilmesi y\u00f6n\u00fcnde ciddi ad\u0131mlar\u0131na at\u0131lmas\u0131 halinde meselenin bir y\u0131ldan az bir s\u00fcre i\u00e7inde son bulabilece\u011fini belirtti.<\/p>\n<p>El Esad fakat kimi devletlerin daha fazla kaos ortam\u0131 yaratmak ve \u00e7\u00f6z\u00fcm \u00e7abalar\u0131n\u0131 engellemek amac\u0131yla ter\u00f6re g\u00fcn\u00fc birlik desteklerini artt\u0131rd\u0131klar\u0131n\u0131 ifade etti. Onlar\u0131n istedikleri ve siyasi \u00e7\u00f6z\u00fcm ad\u0131n\u0131 verdikleri \u00e7\u00f6z\u00fcm\u00fcn devletin ve liderinin yok olmas\u0131 oldu\u011funu belirten el Esad; dolay\u0131s\u0131yla krizin hala uzun bir s\u00fcre daha devam edebilece\u011fini s\u00f6yledi.<\/p>\n<p>https:\/\/www.youtube.com\/watch?v=Cpmgh6xzpSw<\/p>\n<p>R.H.<\/p>\n<p>&nbsp;<\/p>\n","protected":false},"excerpt":{"rendered":"<p>\u015eAM \u2013 Cumhurba\u015fkan\u0131 Be\u015f\u015far el Esad ter\u00f6rle m\u00fccadelenin istikrarl\u0131, daimi ve ilkesel olmas\u0131 gerekti\u011fini belirtirken herhangi bir olaya kar\u015f\u0131 s\u0131rf tepkiden ibaret olmamas\u0131 gerekti\u011fini belirtti. Kimi Avrupal\u0131lar Petrol-Dolar Kar\u015f\u0131l\u0131\u011f\u0131nda \u0130lkelerini Satt\u0131lar Hollanda Resmi Televizyonunun 2. Kanal\u0131na verdi\u011fi r\u00f6portajda el Esad; Avrupal\u0131 yetkilileri T\u00fcrkiye \u00fczerinden ter\u00f6re yap\u0131lan be\u015feri, askeri, lojistik ve maddi deste\u011fin kesilmesine \u00e7aba harcamalar\u0131na &hellip;<\/p>\n","protected":false},"author":1,"featured_media":55656,"comment_status":"closed","ping_status":"closed","sticky":false,"template":"","format":"standard","meta":{"footnotes":""},"categories":[556,559,479,611,605,17988,2554,2555,478],"tags":[18128],"class_list":["post-55614","post","type-post","status-publish","format-standard","has-post-thumbnail","","category-basin","category-dunya-basini","category-haberler-yerel","category-roportaj","category-sayin-cumhurbaskani","category-son-haberler","category-suriye-ve-dunya","category-suriye-ve-turkiye","category-yerel","tag-bastan-beri-tutumlarimizi-iki-temel-dayanak-uzerine-yapilandirdik"],"_links":{"self":[{"href":"https:\/\/archive.sana.sy\/tr\/index.php?rest_route=\/wp\/v2\/posts\/55614","targetHints":{"allow":["GET"]}}],"collection":[{"href":"https:\/\/archive.sana.sy\/tr\/index.php?rest_route=\/wp\/v2\/posts"}],"about":[{"href":"https:\/\/archive.sana.sy\/tr\/index.php?rest_route=\/wp\/v2\/types\/post"}],"author":[{"embeddable":true,"href":"https:\/\/archive.sana.sy\/tr\/index.php?rest_route=\/wp\/v2\/users\/1"}],"replies":[{"embeddable":true,"href":"https:\/\/archive.sana.sy\/tr\/index.php?rest_route=%2Fwp%2Fv2%2Fcomments&post=55614"}],"version-history":[{"count":0,"href":"https:\/\/archive.sana.sy\/tr\/index.php?rest_route=\/wp\/v2\/posts\/55614\/revisions"}],"wp:featuredmedia":[{"embeddable":true,"href":"https:\/\/archive.sana.sy\/tr\/index.php?rest_route=\/wp\/v2\/media\/55656"}],"wp:attachment":[{"href":"https:\/\/archive.sana.sy\/tr\/index.php?rest_route=%2Fwp%2Fv2%2Fmedia&parent=55614"}],"wp:term":[{"taxonomy":"category","embeddable":true,"href":"https:\/\/archive.sana.sy\/tr\/index.php?rest_route=%2Fwp%2Fv2%2Fcategories&post=55614"},{"taxonomy":"post_tag","embeddable":true,"href":"https:\/\/archive.sana.sy\/tr\/index.php?rest_route=%2Fwp%2Fv2%2Ftags&post=55614"}],"curies":[{"name":"wp","href":"https:\/\/api.w.org\/{rel}","templated":true}]}}