{"id":55665,"date":"2015-12-18T15:17:13","date_gmt":"2015-12-18T13:17:13","guid":{"rendered":"http:\/\/www.sana.sy\/tr\/?p=55665"},"modified":"2015-12-18T15:17:13","modified_gmt":"2015-12-18T13:17:13","slug":"turkiye-rejiminin-iddialarini-yalanlayacak-yeterli-kanitlarimiz-var","status":"publish","type":"post","link":"https:\/\/archive.sana.sy\/tr\/?p=55665","title":{"rendered":"T\u00fcrkiye Rejiminin \u0130ddialar\u0131n\u0131 Yalanlayacak Yeterli Kan\u0131tlar\u0131m\u0131z Var"},"content":{"rendered":"<p>MOSKOVA \u2013 Rusya Genelkurmayl\u0131\u011f\u0131 Moskova&#8217;n\u0131n elinde; T\u00fcrkiye rejim g\u00fc\u00e7lerinin ge\u00e7en ay Suriye hava sahas\u0131nda d\u00fc\u015f\u00fcrd\u00fckleri SU-24 u\u00e7a\u011f\u0131n\u0131n kesinlikle T\u00fcrkiye hava sahas\u0131n\u0131 ihlal etmedi\u011fi ve T\u00fcrkiye&#8217;yi hi\u00e7bir \u015fekilde tehdit etmedi\u011fini kan\u0131tlayacak yeteri kadar kan\u0131tlar\u0131n bulundu\u011funu belirtti.<\/p>\n<p>T\u00fcrkiye rejim g\u00fc\u00e7lerinin d\u00fc\u015f\u00fcrd\u00fc\u011f\u00fc s\u00f6z konusu u\u00e7a\u011fa ait kara kutudaki verilerin uluslar aras\u0131 uzmanlar\u0131n huzurunda analiz edilmeye ba\u015flanmas\u0131yla d\u00fczenledi\u011fi bas\u0131n konferans\u0131nda Rus Genelkurmayl\u0131\u011f\u0131; SU-24 sava\u015f u\u00e7a\u011f\u0131n\u0131n Suriye topraklar\u0131 dahilinde T\u00fcrkiye s\u0131n\u0131rlar\u0131ndan 5,5 km uzakl\u0131kta tekfirci ter\u00f6ristlere ait bir mevkii hedef ald\u0131\u011f\u0131 s\u0131rada vuruldu\u011funun alt\u0131n\u0131 \u00e7izdi.<\/p>\n<p>Rus Genelkurmayl\u0131\u011f\u0131 Moskova&#8217;n\u0131n kara kutu verilerinin analiz edilmesi i\u00e7in 14 \u00fclkeden uluslar aras\u0131 uzmanlar\u0131 davet etti\u011fini, fakat bu devletlerin \u00e7o\u011funun daveti reddettiklerine dikkat \u00e7ekerken, \u00c7in, \u0130ngiltere ve ABD\u2019den uzmanlar\u0131n verileri analiz ettiklerini belirtti. SU-24 u\u00e7a\u011f\u0131n\u0131n kara kutusunun hasar g\u00f6rm\u00fc\u015f oldu\u011funu ve i\u00e7indeki verilerin bir k\u0131sm\u0131n\u0131n analizinin \u00f6zel cihaz ve tekniklere ihtiya\u00e7 duydu\u011funa i\u015faret eden Rus Genelkurmayl\u0131\u011f\u0131; uluslar aras\u0131 uzmanlar\u0131n kara kutunun u\u00e7a\u011f\u0131n d\u00fc\u015f\u00fcr\u00fcld\u00fc\u011f\u00fc darbenin a\u011f\u0131rl\u0131\u011f\u0131ndan hasar g\u00f6rm\u00fc\u015f olma ihtimali verdiklerini ifade etti.<\/p>\n<p>T\u00fcrkiye&#8217;de rejim g\u00fc\u00e7lerinin 24 Kas\u0131m tarihinde Lazkiye k\u0131rsal\u0131nda Erdo\u011fan rejimine tabi tekfirci ter\u00f6ristlerin mevkilerini hedef ald\u0131\u011f\u0131 s\u0131rada d\u00fc\u015f\u00fcrd\u00fckleri SU-24 sava\u015f u\u00e7a\u011f\u0131n\u0131n kara kutusundaki veriler bu sabah Moskova\u2019da uluslar aras\u0131 uzmanlar\u0131n huzurunda analiz edilmeye ba\u015flanm\u0131\u015ft\u0131.<\/p>\n","protected":false},"excerpt":{"rendered":"<p>MOSKOVA \u2013 Rusya Genelkurmayl\u0131\u011f\u0131 Moskova&#8217;n\u0131n elinde; T\u00fcrkiye rejim g\u00fc\u00e7lerinin ge\u00e7en ay Suriye hava sahas\u0131nda d\u00fc\u015f\u00fcrd\u00fckleri SU-24 u\u00e7a\u011f\u0131n\u0131n kesinlikle T\u00fcrkiye hava sahas\u0131n\u0131 ihlal etmedi\u011fi ve T\u00fcrkiye&#8217;yi hi\u00e7bir \u015fekilde tehdit etmedi\u011fini kan\u0131tlayacak yeteri kadar kan\u0131tlar\u0131n bulundu\u011funu belirtti. T\u00fcrkiye rejim g\u00fc\u00e7lerinin d\u00fc\u015f\u00fcrd\u00fc\u011f\u00fc s\u00f6z konusu u\u00e7a\u011fa ait kara kutudaki verilerin uluslar aras\u0131 uzmanlar\u0131n huzurunda analiz edilmeye ba\u015flanmas\u0131yla d\u00fczenledi\u011fi bas\u0131n &hellip;<\/p>\n","protected":false},"author":1,"featured_media":55666,"comment_status":"closed","ping_status":"closed","sticky":false,"template":"","format":"standard","meta":{"footnotes":""},"categories":[458,459,17988],"tags":[18132],"class_list":["post-55665","post","type-post","status-publish","format-standard","has-post-thumbnail","","category-dunya1","category-haberler-arap-uluslararasi-politika","category-son-haberler","tag-turkiye-rejiminin-iddialarini-yalanlayacak-yeterli-kanitlarimiz-var"],"_links":{"self":[{"href":"https:\/\/archive.sana.sy\/tr\/index.php?rest_route=\/wp\/v2\/posts\/55665","targetHints":{"allow":["GET"]}}],"collection":[{"href":"https:\/\/archive.sana.sy\/tr\/index.php?rest_route=\/wp\/v2\/posts"}],"about":[{"href":"https:\/\/archive.sana.sy\/tr\/index.php?rest_route=\/wp\/v2\/types\/post"}],"author":[{"embeddable":true,"href":"https:\/\/archive.sana.sy\/tr\/index.php?rest_route=\/wp\/v2\/users\/1"}],"replies":[{"embeddable":true,"href":"https:\/\/archive.sana.sy\/tr\/index.php?rest_route=%2Fwp%2Fv2%2Fcomments&post=55665"}],"version-history":[{"count":0,"href":"https:\/\/archive.sana.sy\/tr\/index.php?rest_route=\/wp\/v2\/posts\/55665\/revisions"}],"wp:featuredmedia":[{"embeddable":true,"href":"https:\/\/archive.sana.sy\/tr\/index.php?rest_route=\/wp\/v2\/media\/55666"}],"wp:attachment":[{"href":"https:\/\/archive.sana.sy\/tr\/index.php?rest_route=%2Fwp%2Fv2%2Fmedia&parent=55665"}],"wp:term":[{"taxonomy":"category","embeddable":true,"href":"https:\/\/archive.sana.sy\/tr\/index.php?rest_route=%2Fwp%2Fv2%2Fcategories&post=55665"},{"taxonomy":"post_tag","embeddable":true,"href":"https:\/\/archive.sana.sy\/tr\/index.php?rest_route=%2Fwp%2Fv2%2Ftags&post=55665"}],"curies":[{"name":"wp","href":"https:\/\/api.w.org\/{rel}","templated":true}]}}