{"id":5567,"date":"2014-07-20T16:30:14","date_gmt":"2014-07-20T13:30:14","guid":{"rendered":"http:\/\/www.sana.sy\/tr\/?p=5567"},"modified":"2014-07-20T16:30:14","modified_gmt":"2014-07-20T13:30:14","slug":"sivil-yerlesim-alanlarina-kor-havan-saldirilari-devam-ediyor","status":"publish","type":"post","link":"https:\/\/archive.sana.sy\/tr\/?p=5567","title":{"rendered":"Sivil Yerle\u015fim Alanlar\u0131na K\u00f6r Havan Sald\u0131r\u0131lar\u0131 Devam Ediyor"},"content":{"rendered":"<p>\u015eAM \u2013 Eli kanl\u0131 tekfirci ve hain ter\u00f6r \u00e7eteleri muhtelif b\u00f6lgelerde sivil yerle\u015fim alanlar\u0131na k\u00f6r havan ve roket sald\u0131r\u0131lar\u0131n\u0131 s\u00fcrd\u00fcr\u00fcyor.<\/p>\n<p>\u015eam Emniyet M\u00fcd\u00fcrl\u00fc\u011f\u00fcmde yetkili bir kaynak bug\u00fcn ter\u00f6r \u00e7etelerinin \u015eam\u2019\u0131n Zablatani B\u00f6lgesinde sebze haline havan mermileriyle sald\u0131rmalar\u0131 sonucunda 1 vatanda\u015f\u0131n \u015fehit, 14 vatanda\u015f\u0131n da yaral\u0131 d\u00fc\u015ft\u00fcklerini a\u00e7\u0131klad\u0131.<\/p>\n","protected":false},"excerpt":{"rendered":"<p>\u015eAM \u2013 Eli kanl\u0131 tekfirci ve hain ter\u00f6r \u00e7eteleri muhtelif b\u00f6lgelerde sivil yerle\u015fim alanlar\u0131na k\u00f6r havan ve roket sald\u0131r\u0131lar\u0131n\u0131 s\u00fcrd\u00fcr\u00fcyor. \u015eam Emniyet M\u00fcd\u00fcrl\u00fc\u011f\u00fcmde yetkili bir kaynak bug\u00fcn ter\u00f6r \u00e7etelerinin \u015eam\u2019\u0131n Zablatani B\u00f6lgesinde sebze haline havan mermileriyle sald\u0131rmalar\u0131 sonucunda 1 vatanda\u015f\u0131n \u015fehit, 14 vatanda\u015f\u0131n da yaral\u0131 d\u00fc\u015ft\u00fcklerini a\u00e7\u0131klad\u0131.<\/p>\n","protected":false},"author":1,"featured_media":5568,"comment_status":"closed","ping_status":"closed","sticky":false,"template":"","format":"standard","meta":{"footnotes":""},"categories":[575],"tags":[1213],"class_list":["post-5567","post","type-post","status-publish","format-standard","has-post-thumbnail","","category-olaylar-ve-gercekler","tag-sivil-yerlesim-alanlarina-kor-havan-saldirilari-devam-ediyor"],"_links":{"self":[{"href":"https:\/\/archive.sana.sy\/tr\/index.php?rest_route=\/wp\/v2\/posts\/5567","targetHints":{"allow":["GET"]}}],"collection":[{"href":"https:\/\/archive.sana.sy\/tr\/index.php?rest_route=\/wp\/v2\/posts"}],"about":[{"href":"https:\/\/archive.sana.sy\/tr\/index.php?rest_route=\/wp\/v2\/types\/post"}],"author":[{"embeddable":true,"href":"https:\/\/archive.sana.sy\/tr\/index.php?rest_route=\/wp\/v2\/users\/1"}],"replies":[{"embeddable":true,"href":"https:\/\/archive.sana.sy\/tr\/index.php?rest_route=%2Fwp%2Fv2%2Fcomments&post=5567"}],"version-history":[{"count":0,"href":"https:\/\/archive.sana.sy\/tr\/index.php?rest_route=\/wp\/v2\/posts\/5567\/revisions"}],"wp:featuredmedia":[{"embeddable":true,"href":"https:\/\/archive.sana.sy\/tr\/index.php?rest_route=\/wp\/v2\/media\/5568"}],"wp:attachment":[{"href":"https:\/\/archive.sana.sy\/tr\/index.php?rest_route=%2Fwp%2Fv2%2Fmedia&parent=5567"}],"wp:term":[{"taxonomy":"category","embeddable":true,"href":"https:\/\/archive.sana.sy\/tr\/index.php?rest_route=%2Fwp%2Fv2%2Fcategories&post=5567"},{"taxonomy":"post_tag","embeddable":true,"href":"https:\/\/archive.sana.sy\/tr\/index.php?rest_route=%2Fwp%2Fv2%2Ftags&post=5567"}],"curies":[{"name":"wp","href":"https:\/\/api.w.org\/{rel}","templated":true}]}}