{"id":55689,"date":"2015-12-18T19:23:12","date_gmt":"2015-12-18T17:23:12","guid":{"rendered":"http:\/\/www.sana.sy\/tr\/?p=55689"},"modified":"2015-12-19T18:24:29","modified_gmt":"2015-12-19T16:24:29","slug":"terore-karsi-operasyonlarda-buyuk-basarilar-devam-ediyor","status":"publish","type":"post","link":"https:\/\/archive.sana.sy\/tr\/?p=55689","title":{"rendered":"Ter\u00f6re Kar\u015f\u0131 Operasyonlarda B\u00fcy\u00fck Ba\u015far\u0131lar Devam Ediyor"},"content":{"rendered":"<p>\u0130LLER \u2013 Kahraman ordu birliklerimiz silahl\u0131 ter\u00f6r gruplar\u0131na kar\u015f\u0131 nitelikli operasyonlar\u0131n\u0131 b\u00fcy\u00fck ba\u015far\u0131larla s\u00fcrd\u00fcrerek bug\u00fcn de onlarca ter\u00f6risti \u00f6l\u00fc ve yaral\u0131 d\u00fc\u015f\u00fcrmekle birlikte havzalar\u0131nda bulunan b\u00fcy\u00fck miktarda silah ve m\u00fchimmat\u0131 imha ettiler.<\/p>\n<p><span style=\"color: #0000ff\">DERA:<\/span><\/p>\n<p>SANA muhabirine a\u00e7\u0131klama yapan askeri bir kaynak; Dera Beled\u2019te \u0130srail\u2019den destek alan Nusra Cephesi ve di\u011fer ter\u00f6r \u00f6rg\u00fctlerine y\u00f6nelik nitelikli operasyonlar ger\u00e7ekle\u015ftiren ordu birliklerimizin; siper ve karargahlar\u0131n\u0131 tahrip ettiklerini ifade etti. Kaynak; operasyonlarda ter\u00f6ristlere ait a\u011f\u0131r makineli silahlarla donat\u0131lm\u0131\u015f 3 arac\u0131n imha edilip aralar\u0131nda \u2018Suriye Devrimciler Cephesi Taburu\u2019nun komutan\u0131 R\u0131za Muhannet el Mesalme\u2019nin bulundu\u011fu 18 ter\u00f6ristin \u00f6ld\u00fcr\u00fcld\u00fc\u011f\u00fcn\u00fc aktard\u0131.<\/p>\n<p>Kaynak; Dera Beled\u2019in muhtelif b\u00f6lgelerinde de ordu birliklerimizin Nusra Cephesine ait bir yuvay\u0131 muhtevalar\u0131yla birlikte imha etmelerine e\u015f zamanl\u0131 olarak Dera Mahatta\u2019da a\u011f\u0131r makineli silahla donat\u0131lm\u0131\u015f bir arac\u0131n\u0131 y\u00fck\u00fcyle birlikte tamamen yok ettiklerini belirtti.<\/p>\n<p>Ordu birliklerimizin Dera ve S\u00fcveyda illerinin idari s\u0131n\u0131rlar\u0131nda ter\u00f6ristlerin hareket eksenleri ve destek hatlar\u0131n\u0131 yo\u011fun ate\u015fe tutuklar\u0131n\u0131 belirten kaynak; buralarda da \u00e7ok say\u0131da ter\u00f6risti su\u00e7 edatlar\u0131yla birlikte imha ettiklerini s\u00f6yledi.<\/p>\n<p>Kaynak; Dera k\u0131rsal\u0131 Busra el \u015eam Kenti \u2013 Burd K\u00f6y\u00fc yolu \u00fczerinde bir ter\u00f6r grubunun t\u00fcm \u00fcyelerini \u00f6l\u00fc ve yaral\u0131 d\u00fc\u015f\u00fcren ordu birliklerimizin; havzalar\u0131nda bulunan silah ve m\u00fchimmatlar\u0131n\u0131 tahrip ettiklerini aktard\u0131.<\/p>\n<p><span style=\"color: #0000ff\">\u0130DL\u0130B:<\/span><\/p>\n<p>\u00d6te yandan saha kaynaklar; ordu birliklerimizin \u0130dlib Kentinin 8 km g\u00fcneyine d\u00fc\u015fen Han \u015eeyhun\u2019un do\u011fusu Temania Beldesinde katil Erdo\u011fan rejiminin destekledi\u011fi \u2018Cund el Aksa\u2019ya tabi siper ve toplanma yerlerini hedef almalar\u0131yla en az 17 ter\u00f6risti \u00f6ld\u00fcr\u00fcp 3 arac\u0131 da imha ettiklerini beyan etti.<\/p>\n<p>Kaynaklar ter\u00f6ristlerin medya ara\u00e7lar\u0131nda &#8216;H\u00fcr \u0130dlib Valisi&#8217; olarak adland\u0131rd\u0131klar\u0131 ve Ahrar el \u015eam \u0130slami Hareketi&#8217;nin bariz komutanlar\u0131ndan biri say\u0131lan Mudar Abd\u00fcsselam Hamdun&#8217;un ordu birliklerimiz taraf\u0131ndan \u0130dlib k\u0131rsal\u0131n\u0131n g\u00fcneyinde \u00f6ld\u00fcr\u00fcld\u00fc\u011f\u00fcn\u00fc belirtti.\u200f<\/p>\n<p><span style=\"color: #0000ff\">HAMA:<\/span><\/p>\n<p>Hama k\u0131rsal\u0131n\u0131n kuzeyinde de ordu birliklerimizin At\u015fan K\u00f6y\u00fcnde \u2018Cund el Aksa\u2019n\u0131n toplanma merkezleri ve mevkilerini tahrip ettiklerini s\u00f6yleyen saha kaynaklar\u0131; aralar\u0131nda tehlikeli isimlerin bulundu\u011fu bir\u00e7ok ter\u00f6risti \u00f6ld\u00fcrd\u00fcklerine dikkat \u00e7ekti.<\/p>\n<p><span style=\"color: #0000ff\">LAZK\u0130YE:<\/span><\/p>\n<p>Askeri kaynak; ordu birliklerimizin halk savunma g\u00fc\u00e7leriyle i\u015fbirli\u011fi i\u00e7inde Lazkiye k\u0131rsal\u0131n\u0131n kuzeyi 754,5 \u00a0Tepesi, Syriatel Baz Tepesi, B\u00fcy\u00fck el Esved Da\u011f\u0131 ve Utayra K\u00f6y\u00fcn\u00fc ihvanc\u0131 Erdo\u011fan rejimine ba\u011fl\u0131 ter\u00f6r \u00e7etelerinden temizleyip kontrollerine ge\u00e7irdiklerini ifade etti.<\/p>\n<p>M.M.<\/p>\n","protected":false},"excerpt":{"rendered":"<p>\u0130LLER \u2013 Kahraman ordu birliklerimiz silahl\u0131 ter\u00f6r gruplar\u0131na kar\u015f\u0131 nitelikli operasyonlar\u0131n\u0131 b\u00fcy\u00fck ba\u015far\u0131larla s\u00fcrd\u00fcrerek bug\u00fcn de onlarca ter\u00f6risti \u00f6l\u00fc ve yaral\u0131 d\u00fc\u015f\u00fcrmekle birlikte havzalar\u0131nda bulunan b\u00fcy\u00fck miktarda silah ve m\u00fchimmat\u0131 imha ettiler. DERA: SANA muhabirine a\u00e7\u0131klama yapan askeri bir kaynak; Dera Beled\u2019te \u0130srail\u2019den destek alan Nusra Cephesi ve di\u011fer ter\u00f6r \u00f6rg\u00fctlerine y\u00f6nelik nitelikli operasyonlar ger\u00e7ekle\u015ftiren &hellip;<\/p>\n","protected":false},"author":1,"featured_media":55690,"comment_status":"closed","ping_status":"closed","sticky":false,"template":"","format":"standard","meta":{"footnotes":""},"categories":[575],"tags":[18140],"class_list":["post-55689","post","type-post","status-publish","format-standard","has-post-thumbnail","","category-olaylar-ve-gercekler","tag-terore-karsi-operasyonlarda-buyuk-basarilar-devam-ediyor"],"_links":{"self":[{"href":"https:\/\/archive.sana.sy\/tr\/index.php?rest_route=\/wp\/v2\/posts\/55689","targetHints":{"allow":["GET"]}}],"collection":[{"href":"https:\/\/archive.sana.sy\/tr\/index.php?rest_route=\/wp\/v2\/posts"}],"about":[{"href":"https:\/\/archive.sana.sy\/tr\/index.php?rest_route=\/wp\/v2\/types\/post"}],"author":[{"embeddable":true,"href":"https:\/\/archive.sana.sy\/tr\/index.php?rest_route=\/wp\/v2\/users\/1"}],"replies":[{"embeddable":true,"href":"https:\/\/archive.sana.sy\/tr\/index.php?rest_route=%2Fwp%2Fv2%2Fcomments&post=55689"}],"version-history":[{"count":0,"href":"https:\/\/archive.sana.sy\/tr\/index.php?rest_route=\/wp\/v2\/posts\/55689\/revisions"}],"wp:featuredmedia":[{"embeddable":true,"href":"https:\/\/archive.sana.sy\/tr\/index.php?rest_route=\/wp\/v2\/media\/55690"}],"wp:attachment":[{"href":"https:\/\/archive.sana.sy\/tr\/index.php?rest_route=%2Fwp%2Fv2%2Fmedia&parent=55689"}],"wp:term":[{"taxonomy":"category","embeddable":true,"href":"https:\/\/archive.sana.sy\/tr\/index.php?rest_route=%2Fwp%2Fv2%2Fcategories&post=55689"},{"taxonomy":"post_tag","embeddable":true,"href":"https:\/\/archive.sana.sy\/tr\/index.php?rest_route=%2Fwp%2Fv2%2Ftags&post=55689"}],"curies":[{"name":"wp","href":"https:\/\/api.w.org\/{rel}","templated":true}]}}