{"id":55697,"date":"2015-12-18T18:15:17","date_gmt":"2015-12-18T16:15:17","guid":{"rendered":"http:\/\/www.sana.sy\/tr\/?p=55697"},"modified":"2015-12-18T18:18:54","modified_gmt":"2015-12-18T16:18:54","slug":"samin-guvenli-alanlarina-kor-saldirilar-devam-etti","status":"publish","type":"post","link":"https:\/\/archive.sana.sy\/tr\/?p=55697","title":{"rendered":"\u015eam\u2019\u0131n G\u00fcvenli Alanlar\u0131na K\u00f6r Sald\u0131r\u0131lar Devam Etti"},"content":{"rendered":"<p>\u015eAM \u2013 Vahhabi \u00c2l Suud rejiminin finans ve direktifleriyle ter\u00f6r faaliyetleri g\u00f6steren \u2018\u0130slam Ordusu\u2019na tabi \u00e7eteler yine ba\u015fkent \u015eam\u2019\u0131n yerle\u015fim semtlerini gaddar f\u00fczeleriyle hedef ald\u0131.<\/p>\n<p>\u015eam Emniyet M\u00fcd\u00fcrl\u00fc\u011f\u00fcnde bir kaynak SANA muhabirine a\u00e7\u0131klamas\u0131nda; ter\u00f6ristlerin bug\u00fcn \u015eam\u2019\u0131n Abbasiler yerle\u015fim b\u00f6lgesini 5 f\u00fczeyle hedef almalar\u0131 sonucunda bir gen\u00e7 vatanda\u015f\u0131n yaraland\u0131\u011f\u0131n\u0131; sivillere ait m\u00fclklerde b\u00fcy\u00fck maddi hasar\u0131n olu\u015ftu\u011funu ifade etti.<\/p>\n<p>M.M.<\/p>\n","protected":false},"excerpt":{"rendered":"<p>\u015eAM \u2013 Vahhabi \u00c2l Suud rejiminin finans ve direktifleriyle ter\u00f6r faaliyetleri g\u00f6steren \u2018\u0130slam Ordusu\u2019na tabi \u00e7eteler yine ba\u015fkent \u015eam\u2019\u0131n yerle\u015fim semtlerini gaddar f\u00fczeleriyle hedef ald\u0131. \u015eam Emniyet M\u00fcd\u00fcrl\u00fc\u011f\u00fcnde bir kaynak SANA muhabirine a\u00e7\u0131klamas\u0131nda; ter\u00f6ristlerin bug\u00fcn \u015eam\u2019\u0131n Abbasiler yerle\u015fim b\u00f6lgesini 5 f\u00fczeyle hedef almalar\u0131 sonucunda bir gen\u00e7 vatanda\u015f\u0131n yaraland\u0131\u011f\u0131n\u0131; sivillere ait m\u00fclklerde b\u00fcy\u00fck maddi hasar\u0131n olu\u015ftu\u011funu &hellip;<\/p>\n","protected":false},"author":1,"featured_media":55703,"comment_status":"closed","ping_status":"closed","sticky":false,"template":"","format":"standard","meta":{"footnotes":""},"categories":[575],"tags":[18142],"class_list":["post-55697","post","type-post","status-publish","format-standard","has-post-thumbnail","","category-olaylar-ve-gercekler","tag-samin-guvenli-alanlarina-kor-saldirilar-devam-etti"],"_links":{"self":[{"href":"https:\/\/archive.sana.sy\/tr\/index.php?rest_route=\/wp\/v2\/posts\/55697","targetHints":{"allow":["GET"]}}],"collection":[{"href":"https:\/\/archive.sana.sy\/tr\/index.php?rest_route=\/wp\/v2\/posts"}],"about":[{"href":"https:\/\/archive.sana.sy\/tr\/index.php?rest_route=\/wp\/v2\/types\/post"}],"author":[{"embeddable":true,"href":"https:\/\/archive.sana.sy\/tr\/index.php?rest_route=\/wp\/v2\/users\/1"}],"replies":[{"embeddable":true,"href":"https:\/\/archive.sana.sy\/tr\/index.php?rest_route=%2Fwp%2Fv2%2Fcomments&post=55697"}],"version-history":[{"count":0,"href":"https:\/\/archive.sana.sy\/tr\/index.php?rest_route=\/wp\/v2\/posts\/55697\/revisions"}],"wp:featuredmedia":[{"embeddable":true,"href":"https:\/\/archive.sana.sy\/tr\/index.php?rest_route=\/wp\/v2\/media\/55703"}],"wp:attachment":[{"href":"https:\/\/archive.sana.sy\/tr\/index.php?rest_route=%2Fwp%2Fv2%2Fmedia&parent=55697"}],"wp:term":[{"taxonomy":"category","embeddable":true,"href":"https:\/\/archive.sana.sy\/tr\/index.php?rest_route=%2Fwp%2Fv2%2Fcategories&post=55697"},{"taxonomy":"post_tag","embeddable":true,"href":"https:\/\/archive.sana.sy\/tr\/index.php?rest_route=%2Fwp%2Fv2%2Ftags&post=55697"}],"curies":[{"name":"wp","href":"https:\/\/api.w.org\/{rel}","templated":true}]}}