{"id":55707,"date":"2015-12-19T12:21:39","date_gmt":"2015-12-19T10:21:39","guid":{"rendered":"http:\/\/www.sana.sy\/tr\/?p=55707"},"modified":"2015-12-21T16:25:03","modified_gmt":"2015-12-21T14:25:03","slug":"erdogan-ceteleri-agir-kayiplarla-geri-puskurtuldu","status":"publish","type":"post","link":"https:\/\/archive.sana.sy\/tr\/?p=55707","title":{"rendered":"Erdo\u011fan \u00c7eteleri A\u011f\u0131r Kay\u0131plarla Geri P\u00fcsk\u00fcrt\u00fcld\u00fc"},"content":{"rendered":"<p>HALEP \u2013 Halep Kentinin yakla\u015f\u0131k 20 km kuzeybat\u0131s\u0131na d\u00fc\u015fen N\u00fcbbul ve Zehra beldelerindeki halk savunma komiteleri T\u00fcrkiye&#8217;de Erdo\u011fan rejimine tabi tekfirci ter\u00f6ristlerin iki belde ahalilerine sald\u0131r\u0131 giri\u015fimlerini \u00e7\u00f6kertti.<\/p>\n<p>SANA\u2019ya a\u00e7\u0131klama yapan saha kaynaklar\u0131; iki beldedeki halk savunma komitelerinin geneli kaide \u00d6rg\u00fct\u00fcn\u00fcn Suriye kolu olan ve Erdo\u011fan rejiminin destek ve komutas\u0131yla faaliyet g\u00f6steren Nusra Cephesinden tekfircilerle \u015fiddetli \u00e7at\u0131\u015fmalara girdiklerini belirtti. Kaynaklar Zehra Beldesinin do\u011fusundaki Prina Fabrikas\u0131na s\u0131zan tekfircilerle ya\u015fanan \u015fiddetli \u00e7at\u0131\u015fmalarda halk komitelerinin bu \u00e7eteleri ara\u00e7 ve cephaneleriyle b\u00fcy\u00fck kay\u0131plara u\u011fratmalar\u0131 ard\u0131ndan sa\u011f kalanlar\u0131n geri ka\u00e7t\u0131klar\u0131n\u0131 aktard\u0131.<\/p>\n<p>\u0130ki y\u0131ldan fazla bir s\u00fcredir Erdo\u011fan rejiminin destek ve komutas\u0131nda faaliyet g\u00f6steren tekfirci ter\u00f6r \u00f6rg\u00fctlerin ablukas\u0131 alt\u0131ndaki N\u00fcbbul ve Zehra beldeleri s\u00fcrekli olarak bu \u00e7etelerin sald\u0131r\u0131lar\u0131na maruz kal\u0131yor.<\/p>\n","protected":false},"excerpt":{"rendered":"<p>HALEP \u2013 Halep Kentinin yakla\u015f\u0131k 20 km kuzeybat\u0131s\u0131na d\u00fc\u015fen N\u00fcbbul ve Zehra beldelerindeki halk savunma komiteleri T\u00fcrkiye&#8217;de Erdo\u011fan rejimine tabi tekfirci ter\u00f6ristlerin iki belde ahalilerine sald\u0131r\u0131 giri\u015fimlerini \u00e7\u00f6kertti. SANA\u2019ya a\u00e7\u0131klama yapan saha kaynaklar\u0131; iki beldedeki halk savunma komitelerinin geneli kaide \u00d6rg\u00fct\u00fcn\u00fcn Suriye kolu olan ve Erdo\u011fan rejiminin destek ve komutas\u0131yla faaliyet g\u00f6steren Nusra Cephesinden tekfircilerle &hellip;<\/p>\n","protected":false},"author":1,"featured_media":55711,"comment_status":"closed","ping_status":"closed","sticky":false,"template":"","format":"standard","meta":{"footnotes":""},"categories":[575,17988],"tags":[],"class_list":["post-55707","post","type-post","status-publish","format-standard","has-post-thumbnail","","category-olaylar-ve-gercekler","category-son-haberler"],"_links":{"self":[{"href":"https:\/\/archive.sana.sy\/tr\/index.php?rest_route=\/wp\/v2\/posts\/55707","targetHints":{"allow":["GET"]}}],"collection":[{"href":"https:\/\/archive.sana.sy\/tr\/index.php?rest_route=\/wp\/v2\/posts"}],"about":[{"href":"https:\/\/archive.sana.sy\/tr\/index.php?rest_route=\/wp\/v2\/types\/post"}],"author":[{"embeddable":true,"href":"https:\/\/archive.sana.sy\/tr\/index.php?rest_route=\/wp\/v2\/users\/1"}],"replies":[{"embeddable":true,"href":"https:\/\/archive.sana.sy\/tr\/index.php?rest_route=%2Fwp%2Fv2%2Fcomments&post=55707"}],"version-history":[{"count":0,"href":"https:\/\/archive.sana.sy\/tr\/index.php?rest_route=\/wp\/v2\/posts\/55707\/revisions"}],"wp:featuredmedia":[{"embeddable":true,"href":"https:\/\/archive.sana.sy\/tr\/index.php?rest_route=\/wp\/v2\/media\/55711"}],"wp:attachment":[{"href":"https:\/\/archive.sana.sy\/tr\/index.php?rest_route=%2Fwp%2Fv2%2Fmedia&parent=55707"}],"wp:term":[{"taxonomy":"category","embeddable":true,"href":"https:\/\/archive.sana.sy\/tr\/index.php?rest_route=%2Fwp%2Fv2%2Fcategories&post=55707"},{"taxonomy":"post_tag","embeddable":true,"href":"https:\/\/archive.sana.sy\/tr\/index.php?rest_route=%2Fwp%2Fv2%2Ftags&post=55707"}],"curies":[{"name":"wp","href":"https:\/\/api.w.org\/{rel}","templated":true}]}}