{"id":55710,"date":"2015-12-19T08:02:58","date_gmt":"2015-12-19T06:02:58","guid":{"rendered":"http:\/\/www.sana.sy\/tr\/?p=55710"},"modified":"2015-12-19T12:32:11","modified_gmt":"2015-12-19T10:32:11","slug":"suriyenin-egemenligi-ve-torak-selametini-korumak-temel-ilkelerdir","status":"publish","type":"post","link":"https:\/\/archive.sana.sy\/tr\/?p=55710","title":{"rendered":"Suriye&#8217;nin Egemenli\u011fi ve Torak Selametini Korumak Temel \u0130lkelerdir"},"content":{"rendered":"<p>TAHRAN \u2013 \u0130ran D\u0131\u015fi\u015fleri Bakan\u0131 Yard\u0131mc\u0131s\u0131 H\u00fcseyin Emir Abd\u00fcllehyan Suriye ve halk\u0131n\u0131n gelece\u011fini belirleyecek yegane taraf\u0131n Suriye halk\u0131 oldu\u011funu bir kez daha vurgularken, Suriye&#8217;deki krizin \u00e7\u00f6z\u00fcm\u00fcnde en \u00f6nemli ve temel ilkelerin ulusal egemenlik, ba\u011f\u0131ms\u0131zl\u0131k, topraklar\u0131n\u0131n selameti ve birli\u011finin korunmas\u0131 oldu\u011funun alt\u0131n\u0131 \u00e7izdi.<\/p>\n<p>Abd\u00fcllehyan New York\u2019ta Suriye konulu uluslar aras\u0131 toplant\u0131n\u0131n bitiminde bug\u00fcn bas\u0131na yapt\u0131\u011f\u0131 a\u00e7\u0131klamada; Suriyeliler aras\u0131ndaki diyalogda ter\u00f6ristlerin kesinlikle yeri olmad\u0131\u011f\u0131 belirtti. \u0130ran\u2019\u0131n BM\u2019nin yeni karar\u0131ndan ter\u00f6rle m\u00fccadele s\u00fcrecini ilerletmesi ve Suriye&#8217;de siyasi \u00e7\u00f6z\u00fcm\u00fc h\u0131zland\u0131rmas\u0131n\u0131 bekledi\u011fini ifade eden Abd\u00fcllehyan; bu ba\u011flamlarda t\u00fcm devletlerin ter\u00f6rle m\u00fccadeleye ve Suriye halk\u0131n\u0131n iradesine sayg\u0131 g\u00f6stermeleri gerekti\u011finin alt\u0131n\u0131 \u00e7izdi.<\/p>\n","protected":false},"excerpt":{"rendered":"<p>TAHRAN \u2013 \u0130ran D\u0131\u015fi\u015fleri Bakan\u0131 Yard\u0131mc\u0131s\u0131 H\u00fcseyin Emir Abd\u00fcllehyan Suriye ve halk\u0131n\u0131n gelece\u011fini belirleyecek yegane taraf\u0131n Suriye halk\u0131 oldu\u011funu bir kez daha vurgularken, Suriye&#8217;deki krizin \u00e7\u00f6z\u00fcm\u00fcnde en \u00f6nemli ve temel ilkelerin ulusal egemenlik, ba\u011f\u0131ms\u0131zl\u0131k, topraklar\u0131n\u0131n selameti ve birli\u011finin korunmas\u0131 oldu\u011funun alt\u0131n\u0131 \u00e7izdi. Abd\u00fcllehyan New York\u2019ta Suriye konulu uluslar aras\u0131 toplant\u0131n\u0131n bitiminde bug\u00fcn bas\u0131na yapt\u0131\u011f\u0131 a\u00e7\u0131klamada; &hellip;<\/p>\n","protected":false},"author":1,"featured_media":55714,"comment_status":"closed","ping_status":"closed","sticky":false,"template":"","format":"standard","meta":{"footnotes":""},"categories":[458,459,17988],"tags":[8664],"class_list":["post-55710","post","type-post","status-publish","format-standard","has-post-thumbnail","","category-dunya1","category-haberler-arap-uluslararasi-politika","category-son-haberler","tag-iran-disisleri-bakani-yardimcisi-huseyin-emir-abdullehyan"],"_links":{"self":[{"href":"https:\/\/archive.sana.sy\/tr\/index.php?rest_route=\/wp\/v2\/posts\/55710","targetHints":{"allow":["GET"]}}],"collection":[{"href":"https:\/\/archive.sana.sy\/tr\/index.php?rest_route=\/wp\/v2\/posts"}],"about":[{"href":"https:\/\/archive.sana.sy\/tr\/index.php?rest_route=\/wp\/v2\/types\/post"}],"author":[{"embeddable":true,"href":"https:\/\/archive.sana.sy\/tr\/index.php?rest_route=\/wp\/v2\/users\/1"}],"replies":[{"embeddable":true,"href":"https:\/\/archive.sana.sy\/tr\/index.php?rest_route=%2Fwp%2Fv2%2Fcomments&post=55710"}],"version-history":[{"count":0,"href":"https:\/\/archive.sana.sy\/tr\/index.php?rest_route=\/wp\/v2\/posts\/55710\/revisions"}],"wp:featuredmedia":[{"embeddable":true,"href":"https:\/\/archive.sana.sy\/tr\/index.php?rest_route=\/wp\/v2\/media\/55714"}],"wp:attachment":[{"href":"https:\/\/archive.sana.sy\/tr\/index.php?rest_route=%2Fwp%2Fv2%2Fmedia&parent=55710"}],"wp:term":[{"taxonomy":"category","embeddable":true,"href":"https:\/\/archive.sana.sy\/tr\/index.php?rest_route=%2Fwp%2Fv2%2Fcategories&post=55710"},{"taxonomy":"post_tag","embeddable":true,"href":"https:\/\/archive.sana.sy\/tr\/index.php?rest_route=%2Fwp%2Fv2%2Ftags&post=55710"}],"curies":[{"name":"wp","href":"https:\/\/api.w.org\/{rel}","templated":true}]}}