{"id":55725,"date":"2015-12-19T14:44:09","date_gmt":"2015-12-19T12:44:09","guid":{"rendered":"http:\/\/www.sana.sy\/tr\/?p=55725"},"modified":"2015-12-19T14:44:09","modified_gmt":"2015-12-19T12:44:09","slug":"cozum-onkosullarla-engelleniyor","status":"publish","type":"post","link":"https:\/\/archive.sana.sy\/tr\/?p=55725","title":{"rendered":"\u00c7\u00f6z\u00fcm \u00d6nko\u015fullarla Engelleniyor"},"content":{"rendered":"<p>LONDRA \u2013 \u0130ran D\u0131\u015fi\u015fleri Bakan\u0131 Muhammed Cevat Zarif kimi devletlerin Suriye&#8217;deki krizin \u00e7\u00f6z\u00fcm\u00fcnde dayatmaya \u00e7al\u0131\u015ft\u0131klar\u0131 \u00f6nko\u015fullar\u0131n bu krizin uzamas\u0131na yol a\u00e7t\u0131\u011f\u0131n\u0131 ve \u015fu ana dek bu y\u00f6nde ilerlemeyi engelledi\u011fini belirtti.<\/p>\n<p>\u0130ngiliz Guardian Gazetesinin bug\u00fcn \u2018Suriye&#8217;de Bar\u0131\u015f Gereklidir ve Bu Bar\u0131\u015f Avucumuzun \u0130\u00e7indedir\u2019 ba\u015fl\u0131\u011f\u0131 alt\u0131nda yay\u0131nlad\u0131\u011f\u0131 makalesinde Zarif; belli ba\u015fl\u0131 devletlerin dayatt\u0131klar\u0131 bu \u00f6nko\u015fullar\u0131n Suriye halk\u0131n\u0131n ideallerini ve taleplerini kesinlikle temsil etmedi\u011fini vurgulad\u0131. Zarif tam tersine d\u0131\u015f g\u00fc\u00e7lerin kendilerine has ajandalar\u0131n\u0131 yans\u0131tt\u0131\u011f\u0131na dikkat \u00e7ekerken, istisnas\u0131z kimsenin egemen ve ba\u011f\u0131ms\u0131z bir devletle birlikte o devletin h\u00fcr iradelerine bu gibi ko\u015fullar dayatma haklar\u0131 olmad\u0131\u011f\u0131n\u0131n alt\u0131n\u0131 \u00e7izdi.<\/p>\n<p>Halklar\u0131n\u0131 demokrasi, insan haklar\u0131 ve hatta se\u00e7imlerden bile yoksun tutan kimi devletlerin Suriye&#8217;de demokrasi savunucular\u0131 olmalar\u0131n\u0131n mant\u0131ks\u0131zl\u0131\u011f\u0131na dikkat \u00e7eken Zarif; Suriye&#8217;de yeni bir s\u00fcrecin kur\u015funla de\u011fil, ancak ve ancak se\u00e7im sand\u0131klar\u0131yla m\u00fcmk\u00fcn oldu\u011funu belirtti.<\/p>\n","protected":false},"excerpt":{"rendered":"<p>LONDRA \u2013 \u0130ran D\u0131\u015fi\u015fleri Bakan\u0131 Muhammed Cevat Zarif kimi devletlerin Suriye&#8217;deki krizin \u00e7\u00f6z\u00fcm\u00fcnde dayatmaya \u00e7al\u0131\u015ft\u0131klar\u0131 \u00f6nko\u015fullar\u0131n bu krizin uzamas\u0131na yol a\u00e7t\u0131\u011f\u0131n\u0131 ve \u015fu ana dek bu y\u00f6nde ilerlemeyi engelledi\u011fini belirtti. \u0130ngiliz Guardian Gazetesinin bug\u00fcn \u2018Suriye&#8217;de Bar\u0131\u015f Gereklidir ve Bu Bar\u0131\u015f Avucumuzun \u0130\u00e7indedir\u2019 ba\u015fl\u0131\u011f\u0131 alt\u0131nda yay\u0131nlad\u0131\u011f\u0131 makalesinde Zarif; belli ba\u015fl\u0131 devletlerin dayatt\u0131klar\u0131 bu \u00f6nko\u015fullar\u0131n Suriye halk\u0131n\u0131n &hellip;<\/p>\n","protected":false},"author":1,"featured_media":20595,"comment_status":"closed","ping_status":"closed","sticky":false,"template":"","format":"standard","meta":{"footnotes":""},"categories":[458,459,17988],"tags":[16943],"class_list":["post-55725","post","type-post","status-publish","format-standard","has-post-thumbnail","","category-dunya1","category-haberler-arap-uluslararasi-politika","category-son-haberler","tag-iran-disisleri-bakani-muhammed-cevat-zarif"],"_links":{"self":[{"href":"https:\/\/archive.sana.sy\/tr\/index.php?rest_route=\/wp\/v2\/posts\/55725","targetHints":{"allow":["GET"]}}],"collection":[{"href":"https:\/\/archive.sana.sy\/tr\/index.php?rest_route=\/wp\/v2\/posts"}],"about":[{"href":"https:\/\/archive.sana.sy\/tr\/index.php?rest_route=\/wp\/v2\/types\/post"}],"author":[{"embeddable":true,"href":"https:\/\/archive.sana.sy\/tr\/index.php?rest_route=\/wp\/v2\/users\/1"}],"replies":[{"embeddable":true,"href":"https:\/\/archive.sana.sy\/tr\/index.php?rest_route=%2Fwp%2Fv2%2Fcomments&post=55725"}],"version-history":[{"count":0,"href":"https:\/\/archive.sana.sy\/tr\/index.php?rest_route=\/wp\/v2\/posts\/55725\/revisions"}],"wp:featuredmedia":[{"embeddable":true,"href":"https:\/\/archive.sana.sy\/tr\/index.php?rest_route=\/wp\/v2\/media\/20595"}],"wp:attachment":[{"href":"https:\/\/archive.sana.sy\/tr\/index.php?rest_route=%2Fwp%2Fv2%2Fmedia&parent=55725"}],"wp:term":[{"taxonomy":"category","embeddable":true,"href":"https:\/\/archive.sana.sy\/tr\/index.php?rest_route=%2Fwp%2Fv2%2Fcategories&post=55725"},{"taxonomy":"post_tag","embeddable":true,"href":"https:\/\/archive.sana.sy\/tr\/index.php?rest_route=%2Fwp%2Fv2%2Ftags&post=55725"}],"curies":[{"name":"wp","href":"https:\/\/api.w.org\/{rel}","templated":true}]}}