{"id":55727,"date":"2015-12-19T14:32:43","date_gmt":"2015-12-19T12:32:43","guid":{"rendered":"http:\/\/www.sana.sy\/tr\/?p=55727"},"modified":"2015-12-19T14:32:43","modified_gmt":"2015-12-19T12:32:43","slug":"turk-guclerinin-irakta-kalmalarina-izin-vermeyecegiz","status":"publish","type":"post","link":"https:\/\/archive.sana.sy\/tr\/?p=55727","title":{"rendered":"T\u00fcrk G\u00fc\u00e7lerinin Irak\u2019ta Kalmalar\u0131na \u0130zin Vermeyece\u011fiz"},"content":{"rendered":"<p>BA\u011eDAT \u2013 Irak Ba\u015fbakan\u0131 Haydar el Abbadi; Irak\u2019\u0131n T\u00fcrk g\u00fc\u00e7lerinin topraklar\u0131nda kalmalar\u0131na izin vermeyece\u011fini belirtirken, Ankara\u2019n\u0131n g\u00fc\u00e7lerini \u00e7ekmemesi halinde Irak\u2019\u0131n s\u0131ras\u0131yla bir dizi icraat alaca\u011f\u0131n\u0131 ifade etti.<\/p>\n<p><img loading=\"lazy\" decoding=\"async\" class=\"alignright wp-image-55728 size-medium\" src=\"http:\/\/www.sana.sy\/tr\/wp-content\/uploads\/2015\/12\/00-2-300x200.jpg\" alt=\"00\" width=\"300\" height=\"200\" srcset=\"https:\/\/archive.sana.sy\/tr\/wp-content\/uploads\/2015\/12\/00-2-300x200.jpg 300w, https:\/\/archive.sana.sy\/tr\/wp-content\/uploads\/2015\/12\/00-2-150x100.jpg 150w, https:\/\/archive.sana.sy\/tr\/wp-content\/uploads\/2015\/12\/00-2-768x511.jpg 768w, https:\/\/archive.sana.sy\/tr\/wp-content\/uploads\/2015\/12\/00-2-1024x681.jpg 1024w, https:\/\/archive.sana.sy\/tr\/wp-content\/uploads\/2015\/12\/00-2.jpg 1500w\" sizes=\"auto, (max-width: 300px) 100vw, 300px\" \/>Irak D\u0131\u015fi\u015fleri Bakan\u0131 \u0130brahim el Caferi ise Uluslararas\u0131 G\u00fcvenlik Konseyinden T\u00fcrkiye g\u00fc\u00e7lerinin Irak topraklar\u0131n\u0131 ihlal etmelerini k\u0131namas\u0131 ve Ankara\u2019dan bu g\u00fc\u00e7leri derhal \u00e7ekmesini talep etmesini istedi.<\/p>\n<p>G\u00fcvenlik Konseyinin Irak\u2019\u0131n konuya ili\u015fkin resmi talebi \u00fczerine d\u00fczenledi\u011fi oturumda konu\u015fan Caferi; uluslar aras\u0131 bar\u0131\u015f ve g\u00fcvenli\u011fi koruma sorumlulu\u011fu \u00e7er\u00e7evesinde G\u00fcvenlik Konseyinin T\u00fcrkiye&#8217;den derhal i\u015fgalci g\u00fc\u00e7lerini Irak\u2019tan \u00e7ekmesini talep etmesi gerekti\u011fini ifade etti.<\/p>\n<p>Caferi T\u00fcrk yetkililerin Irak topraklar\u0131na i\u015fgalini aklamaya \u00e7al\u0131\u015fan t\u00fcm iddia ve a\u00e7\u0131klamalar\u0131n\u0131 reddederek, T\u00fcrkiye&#8217;nin bu tutumunu uluslar aras\u0131 kararlar, kanunlar ve misaklar\u0131n yan\u0131 s\u0131ra kom\u015fuluk ili\u015fkilerine kar\u015f\u0131 d\u00fc\u015fmanc\u0131 tutumlar olarak nitelendirdi.<\/p>\n","protected":false},"excerpt":{"rendered":"<p>BA\u011eDAT \u2013 Irak Ba\u015fbakan\u0131 Haydar el Abbadi; Irak\u2019\u0131n T\u00fcrk g\u00fc\u00e7lerinin topraklar\u0131nda kalmalar\u0131na izin vermeyece\u011fini belirtirken, Ankara\u2019n\u0131n g\u00fc\u00e7lerini \u00e7ekmemesi halinde Irak\u2019\u0131n s\u0131ras\u0131yla bir dizi icraat alaca\u011f\u0131n\u0131 ifade etti. Irak D\u0131\u015fi\u015fleri Bakan\u0131 \u0130brahim el Caferi ise Uluslararas\u0131 G\u00fcvenlik Konseyinden T\u00fcrkiye g\u00fc\u00e7lerinin Irak topraklar\u0131n\u0131 ihlal etmelerini k\u0131namas\u0131 ve Ankara\u2019dan bu g\u00fc\u00e7leri derhal \u00e7ekmesini talep etmesini istedi. G\u00fcvenlik Konseyinin &hellip;<\/p>\n","protected":false},"author":1,"featured_media":55729,"comment_status":"closed","ping_status":"closed","sticky":false,"template":"","format":"standard","meta":{"footnotes":""},"categories":[458,459,17988],"tags":[17972,17717],"class_list":["post-55727","post","type-post","status-publish","format-standard","has-post-thumbnail","","category-dunya1","category-haberler-arap-uluslararasi-politika","category-son-haberler","tag-irak-basbakani-haydar-el-abbadi","tag-irak-disisleri-bakani-ibrahim-el-caferi"],"_links":{"self":[{"href":"https:\/\/archive.sana.sy\/tr\/index.php?rest_route=\/wp\/v2\/posts\/55727","targetHints":{"allow":["GET"]}}],"collection":[{"href":"https:\/\/archive.sana.sy\/tr\/index.php?rest_route=\/wp\/v2\/posts"}],"about":[{"href":"https:\/\/archive.sana.sy\/tr\/index.php?rest_route=\/wp\/v2\/types\/post"}],"author":[{"embeddable":true,"href":"https:\/\/archive.sana.sy\/tr\/index.php?rest_route=\/wp\/v2\/users\/1"}],"replies":[{"embeddable":true,"href":"https:\/\/archive.sana.sy\/tr\/index.php?rest_route=%2Fwp%2Fv2%2Fcomments&post=55727"}],"version-history":[{"count":0,"href":"https:\/\/archive.sana.sy\/tr\/index.php?rest_route=\/wp\/v2\/posts\/55727\/revisions"}],"wp:featuredmedia":[{"embeddable":true,"href":"https:\/\/archive.sana.sy\/tr\/index.php?rest_route=\/wp\/v2\/media\/55729"}],"wp:attachment":[{"href":"https:\/\/archive.sana.sy\/tr\/index.php?rest_route=%2Fwp%2Fv2%2Fmedia&parent=55727"}],"wp:term":[{"taxonomy":"category","embeddable":true,"href":"https:\/\/archive.sana.sy\/tr\/index.php?rest_route=%2Fwp%2Fv2%2Fcategories&post=55727"},{"taxonomy":"post_tag","embeddable":true,"href":"https:\/\/archive.sana.sy\/tr\/index.php?rest_route=%2Fwp%2Fv2%2Ftags&post=55727"}],"curies":[{"name":"wp","href":"https:\/\/api.w.org\/{rel}","templated":true}]}}