{"id":55744,"date":"2015-12-19T18:24:24","date_gmt":"2015-12-19T16:24:24","guid":{"rendered":"http:\/\/www.sana.sy\/tr\/?p=55744"},"modified":"2015-12-20T16:23:51","modified_gmt":"2015-12-20T14:23:51","slug":"teroristler-yuvalanma-yerleriyle-birlikte-etkisiz-hale-getiriliyor","status":"publish","type":"post","link":"https:\/\/archive.sana.sy\/tr\/?p=55744","title":{"rendered":"Ter\u00f6ristler Yuvalanma Yerleriyle Birlikte Etkisiz Hale Getiriliyor ( video )"},"content":{"rendered":"<p>\u0130LLER \u2013 Ordu birliklerimiz bug\u00fcn de ter\u00f6r \u00e7etelerine kar\u015f\u0131 nitelikli operasyonlar\u0131n\u0131 s\u00fcrd\u00fcr\u00fcrken muhtelif b\u00f6lgelerde onlar\u0131 say\u0131 ve te\u00e7hizatlar\u0131yla a\u011f\u0131r kay\u0131plara u\u011fratmaya devam etti.<\/p>\n<p><span style=\"color: #0000ff\">\u015eAM KIRSALI:<\/span><\/p>\n<p>SANA muhabirine a\u00e7\u0131klama yapan askeri bir kaynak; ordu birliklerimizin \u015eam k\u0131rsal\u0131 Do\u011fu \u011euta\u2019n\u0131n Merc el Sultan \u00e7evresine d\u00fc\u015fen Haresta \u2013 Kantra eksininde Vahhabi \u00c2l Suud rejimine ba\u011fl\u0131 \u2018\u0130slam Ordusu\u2019na y\u00f6nelik nitelikli operasyonlar ger\u00e7ekle\u015ftirdiklerini ifade etti. Kaynak; operasyonlarda aralar\u0131nda \u2018\u0130slam Ordusu\u2019 komutanlar\u0131ndan \u00d6mer el Ktayfati\u2019nin bulundu\u011fu bir\u00e7ok ter\u00f6ristin \u00f6ld\u00fcr\u00fcl\u00fcp silah ve m\u00fchimmatlar\u0131n\u0131n da imha edildi\u011fine dikkat \u00e7ekti.<\/p>\n<p>Bu arada ter\u00f6r \u00e7eteleri medya ara\u00e7lar\u0131nda Do\u011fu \u011euta\u2019da Nusra Cephesi komutanlar\u0131ndan \u2018Ebu Muhammed \u015eam\u2019 kod ad\u0131yla bilenen az\u0131l\u0131 tekfirci ve Memduh Ra\u011ffan\u2019\u0131n aralar\u0131nda bulundu\u011fu \u00e7ok say\u0131da ter\u00f6ristin \u00f6ld\u00fcr\u00fcld\u00fc\u011f\u00fcn\u00fc itiraf etti.<\/p>\n<p>https:\/\/www.youtube.com\/watch?v=utxKio9h53c<\/p>\n<p><span style=\"color: #0000ff\">DERA:<\/span><\/p>\n<p>\u00d6te yandan askeri kaynak; Dera Kentinin yakla\u015f\u0131k 4 km kuzeyine d\u00fc\u015fen Etman Beldesindeki el Bitar \u00c7iftli\u011finde \u0130srail\u2019den destek alan ter\u00f6r \u00f6rg\u00fctlerin bir yuvas\u0131na hava operasyonu ger\u00e7ekle\u015ftiren hava g\u00fc\u00e7lerimizin; yuvan\u0131n i\u00e7erisinde bulunan t\u00fcm ter\u00f6ristleri \u00f6l\u00fc ve yaral\u0131 d\u00fc\u015f\u00fcrd\u00fcklerini s\u00f6yledi. Kaynak; operasyonda yaralanan ter\u00f6ristlerin aralar\u0131nda Ayed el Zoubi adl\u0131 bir ter\u00f6r eleba\u015f\u0131n\u0131n bilindi\u011fini s\u00f6zlerine ekledi.<\/p>\n<p>Kaynak; Dera k\u0131rsal\u0131n\u0131n do\u011fusu el Nuayme Beldesinde de ordu birliklerimizin ter\u00f6ristlerin toplanma yerleri ve mevkilerini hedef almalar\u0131yla buralarda da \u00e7ok say\u0131da ter\u00f6risti su\u00e7 edatlar\u0131yla birlikte imha ettiklerini belirtti.<\/p>\n<p>Ordu birliklerimizin Dera k\u0131rsal\u0131n\u0131n kuzeydo\u011fusu Bat\u0131 \u011eariye K\u00f6pr\u00fcs\u00fcn\u00fcn kuzeybat\u0131s\u0131nda bulunan askeri noktalara s\u0131zan bir ter\u00f6r grubuyla \u00e7at\u0131\u015fmaya girdiklerini beyan eden kaynak; \u00e7at\u0131\u015fmalarda sald\u0131rganlar\u0131n bir k\u0131sm\u0131n\u0131n \u00f6l\u00fc ve yaral\u0131 d\u00fc\u015f\u00fcr\u00fclmeleriyle geriye kalanlar\u0131n ka\u00e7t\u0131klar\u0131n\u0131 aktard\u0131.<\/p>\n<p>Dera Beled\u2019in el Becabce Mahallesinde de ordu birliklerimizin radikal ter\u00f6r \u00f6rg\u00fctlere ait siper ve karargahlar\u0131n\u0131 yo\u011fun ate\u015fe tuttuklar\u0131n\u0131 s\u00f6yleyen kaynak; ter\u00f6ristleri say\u0131 ve te\u00e7hizatlar\u0131yla a\u011f\u0131r kay\u0131plara u\u011fratt\u0131klar\u0131n\u0131 s\u00f6zlerine ekledi.<\/p>\n<p><span style=\"color: #0000ff\">S\u00dcVEYDA:<\/span><\/p>\n<p>Di\u011fer yandan S\u00fcveyda k\u0131rsal\u0131n\u0131n kuzeybat\u0131s\u0131 Lucat B\u00f6lgesine d\u00fc\u015fen Deyr Dama K\u00f6y\u00fcnde ordu birliklerimiz ter\u00f6ristlere y\u00f6nelik operasyonlarda \u00e7ok say\u0131da ter\u00f6risti \u00f6l\u00fc ve yaral\u0131 d\u00fc\u015f\u00fcr\u00fcp silah ve m\u00fchimmatlar\u0131n\u0131 tahrip etti.<\/p>\n<p><span style=\"color: #0000ff\">HOMS:<\/span><\/p>\n<p>Askeri kaynak; hava g\u00fc\u00e7lerimizin Homs k\u0131rsal\u0131n\u0131n g\u00fcneydo\u011fusu Hads, Havvarin, Karyeteyn ve Mhin b\u00f6lgelerinde I\u015e\u0130D\u2019in mevki ve ara\u00e7lar\u0131n\u0131 tamam\u0131yla imha ettiklerini s\u00f6yledi.<\/p>\n<p>M.M. &#8211; R.H.<\/p>\n","protected":false},"excerpt":{"rendered":"<p>\u0130LLER \u2013 Ordu birliklerimiz bug\u00fcn de ter\u00f6r \u00e7etelerine kar\u015f\u0131 nitelikli operasyonlar\u0131n\u0131 s\u00fcrd\u00fcr\u00fcrken muhtelif b\u00f6lgelerde onlar\u0131 say\u0131 ve te\u00e7hizatlar\u0131yla a\u011f\u0131r kay\u0131plara u\u011fratmaya devam etti. \u015eAM KIRSALI: SANA muhabirine a\u00e7\u0131klama yapan askeri bir kaynak; ordu birliklerimizin \u015eam k\u0131rsal\u0131 Do\u011fu \u011euta\u2019n\u0131n Merc el Sultan \u00e7evresine d\u00fc\u015fen Haresta \u2013 Kantra eksininde Vahhabi \u00c2l Suud rejimine ba\u011fl\u0131 \u2018\u0130slam Ordusu\u2019na y\u00f6nelik &hellip;<\/p>\n","protected":false},"author":1,"featured_media":55745,"comment_status":"closed","ping_status":"closed","sticky":false,"template":"","format":"standard","meta":{"footnotes":""},"categories":[575],"tags":[18143],"class_list":["post-55744","post","type-post","status-publish","format-standard","has-post-thumbnail","","category-olaylar-ve-gercekler","tag-teroristler-yuvalanma-yerleriyle-birlikte-etkisiz-hale-getiriliyor"],"_links":{"self":[{"href":"https:\/\/archive.sana.sy\/tr\/index.php?rest_route=\/wp\/v2\/posts\/55744","targetHints":{"allow":["GET"]}}],"collection":[{"href":"https:\/\/archive.sana.sy\/tr\/index.php?rest_route=\/wp\/v2\/posts"}],"about":[{"href":"https:\/\/archive.sana.sy\/tr\/index.php?rest_route=\/wp\/v2\/types\/post"}],"author":[{"embeddable":true,"href":"https:\/\/archive.sana.sy\/tr\/index.php?rest_route=\/wp\/v2\/users\/1"}],"replies":[{"embeddable":true,"href":"https:\/\/archive.sana.sy\/tr\/index.php?rest_route=%2Fwp%2Fv2%2Fcomments&post=55744"}],"version-history":[{"count":0,"href":"https:\/\/archive.sana.sy\/tr\/index.php?rest_route=\/wp\/v2\/posts\/55744\/revisions"}],"wp:featuredmedia":[{"embeddable":true,"href":"https:\/\/archive.sana.sy\/tr\/index.php?rest_route=\/wp\/v2\/media\/55745"}],"wp:attachment":[{"href":"https:\/\/archive.sana.sy\/tr\/index.php?rest_route=%2Fwp%2Fv2%2Fmedia&parent=55744"}],"wp:term":[{"taxonomy":"category","embeddable":true,"href":"https:\/\/archive.sana.sy\/tr\/index.php?rest_route=%2Fwp%2Fv2%2Fcategories&post=55744"},{"taxonomy":"post_tag","embeddable":true,"href":"https:\/\/archive.sana.sy\/tr\/index.php?rest_route=%2Fwp%2Fv2%2Ftags&post=55744"}],"curies":[{"name":"wp","href":"https:\/\/api.w.org\/{rel}","templated":true}]}}