{"id":55747,"date":"2015-12-19T19:09:54","date_gmt":"2015-12-19T17:09:54","guid":{"rendered":"http:\/\/www.sana.sy\/tr\/?p=55747"},"modified":"2015-12-19T19:10:39","modified_gmt":"2015-12-19T17:10:39","slug":"gerekirse-daha-baska-yontemleri-kullanacagiz","status":"publish","type":"post","link":"https:\/\/archive.sana.sy\/tr\/?p=55747","title":{"rendered":"Gerekirse Daha Ba\u015fka Y\u00f6ntemleri Kullanaca\u011f\u0131z"},"content":{"rendered":"<p>MOSKOVA \u2013 Rusya Ba\u015fkan\u0131 Vladimir Putin Suriye&#8217;de ter\u00f6re kar\u015f\u0131 operasyonlarda bulunan Rus g\u00fc\u00e7lerinin \u015fu ana dek t\u00fcm olanaklar\u0131n\u0131 kullanmad\u0131klar\u0131na dikkat \u00e7ekerken; gerekmesi halinde daha ba\u015fka y\u00f6ntemlerin de kullan\u0131labilece\u011fini belirtti.<\/p>\n<p>Rus G\u00fcvenlik Cihazlar\u0131n\u0131n G\u00fcn\u00fc m\u00fcnasebetiyle Kremlin\u2019de d\u00fczenlenen etkinlikte yapt\u0131\u011f\u0131 konu\u015fmada Putin; Suriye&#8217;de ter\u00f6re kar\u015f\u0131 m\u00fccadele veren Rus pilotlar ve istihbarat elemanlar\u0131n\u0131n \u015fu ana dek operasyonlar\u0131n\u0131 koordine etme ve etkin bir \u00e7al\u0131\u015fma sergilemeyi ba\u015fard\u0131klar\u0131n\u0131 s\u00f6yledi. Putin Suriye&#8217;de bulunan t\u00fcm Rus g\u00fc\u00e7lerinin modern silahlar kulland\u0131klar\u0131na i\u015faret etti.<\/p>\n<p>Rus g\u00fcvenlik g\u00fc\u00e7lerinin bu y\u0131l Rusya&#8217;da 30\u2019dan fazla ter\u00f6r sald\u0131r\u0131s\u0131n\u0131 \u00e7\u00f6kerttiklerini belirten Putin; bu performanslar\u0131n\u0131 korumalar\u0131 ve yeni Rus vatanda\u015flar\u0131n ter\u00f6r \u00f6rg\u00fctlerine \u00f6rg\u00fctlenmelerini engellemeye odaklanmalar\u0131na \u00e7a\u011fr\u0131 yapt\u0131.<\/p>\n","protected":false},"excerpt":{"rendered":"<p>MOSKOVA \u2013 Rusya Ba\u015fkan\u0131 Vladimir Putin Suriye&#8217;de ter\u00f6re kar\u015f\u0131 operasyonlarda bulunan Rus g\u00fc\u00e7lerinin \u015fu ana dek t\u00fcm olanaklar\u0131n\u0131 kullanmad\u0131klar\u0131na dikkat \u00e7ekerken; gerekmesi halinde daha ba\u015fka y\u00f6ntemlerin de kullan\u0131labilece\u011fini belirtti. Rus G\u00fcvenlik Cihazlar\u0131n\u0131n G\u00fcn\u00fc m\u00fcnasebetiyle Kremlin\u2019de d\u00fczenlenen etkinlikte yapt\u0131\u011f\u0131 konu\u015fmada Putin; Suriye&#8217;de ter\u00f6re kar\u015f\u0131 m\u00fccadele veren Rus pilotlar ve istihbarat elemanlar\u0131n\u0131n \u015fu ana dek operasyonlar\u0131n\u0131 koordine &hellip;<\/p>\n","protected":false},"author":1,"featured_media":55748,"comment_status":"closed","ping_status":"closed","sticky":false,"template":"","format":"standard","meta":{"footnotes":""},"categories":[458,459,17988],"tags":[18144],"class_list":["post-55747","post","type-post","status-publish","format-standard","has-post-thumbnail","","category-dunya1","category-haberler-arap-uluslararasi-politika","category-son-haberler","tag-gerekirse-daha-baska-yontemleri-kullanacagiz"],"_links":{"self":[{"href":"https:\/\/archive.sana.sy\/tr\/index.php?rest_route=\/wp\/v2\/posts\/55747","targetHints":{"allow":["GET"]}}],"collection":[{"href":"https:\/\/archive.sana.sy\/tr\/index.php?rest_route=\/wp\/v2\/posts"}],"about":[{"href":"https:\/\/archive.sana.sy\/tr\/index.php?rest_route=\/wp\/v2\/types\/post"}],"author":[{"embeddable":true,"href":"https:\/\/archive.sana.sy\/tr\/index.php?rest_route=\/wp\/v2\/users\/1"}],"replies":[{"embeddable":true,"href":"https:\/\/archive.sana.sy\/tr\/index.php?rest_route=%2Fwp%2Fv2%2Fcomments&post=55747"}],"version-history":[{"count":0,"href":"https:\/\/archive.sana.sy\/tr\/index.php?rest_route=\/wp\/v2\/posts\/55747\/revisions"}],"wp:featuredmedia":[{"embeddable":true,"href":"https:\/\/archive.sana.sy\/tr\/index.php?rest_route=\/wp\/v2\/media\/55748"}],"wp:attachment":[{"href":"https:\/\/archive.sana.sy\/tr\/index.php?rest_route=%2Fwp%2Fv2%2Fmedia&parent=55747"}],"wp:term":[{"taxonomy":"category","embeddable":true,"href":"https:\/\/archive.sana.sy\/tr\/index.php?rest_route=%2Fwp%2Fv2%2Fcategories&post=55747"},{"taxonomy":"post_tag","embeddable":true,"href":"https:\/\/archive.sana.sy\/tr\/index.php?rest_route=%2Fwp%2Fv2%2Ftags&post=55747"}],"curies":[{"name":"wp","href":"https:\/\/api.w.org\/{rel}","templated":true}]}}