{"id":55762,"date":"2015-12-20T08:42:48","date_gmt":"2015-12-20T06:42:48","guid":{"rendered":"http:\/\/www.sana.sy\/tr\/?p=55762"},"modified":"2015-12-20T08:42:48","modified_gmt":"2015-12-20T06:42:48","slug":"isidin-saldirisi-cokertildi-video","status":"publish","type":"post","link":"https:\/\/archive.sana.sy\/tr\/?p=55762","title":{"rendered":"I\u015e\u0130D\u2019in Sald\u0131r\u0131s\u0131 \u00c7\u00f6kertildi (video)"},"content":{"rendered":"<p>HOMS \u2013 Ordu birliklerimiz Homs k\u0131rsal\u0131n\u0131n do\u011fusu Mhin ve Hvarin beldeleri civarlar\u0131nda I\u015e\u0130D\u2019in askeri noktalara sald\u0131r\u0131 giri\u015fimleri \u00e7\u00f6kertildi.<\/p>\n<p>Bir\u00e7ok ter\u00f6ristin etkisiz olarak ele ge\u00e7irildi\u011fi \u00e7at\u0131\u015fmalarda sa\u011f kalan tekfirciler silahlar\u0131n\u0131 arkalar\u0131nda b\u0131rakarak ka\u00e7t\u0131lar.<\/p>\n<p>https:\/\/www.youtube.com\/watch?v=DK3wH3MxOEw<\/p>\n<p>R.H.<\/p>\n","protected":false},"excerpt":{"rendered":"<p>HOMS \u2013 Ordu birliklerimiz Homs k\u0131rsal\u0131n\u0131n do\u011fusu Mhin ve Hvarin beldeleri civarlar\u0131nda I\u015e\u0130D\u2019in askeri noktalara sald\u0131r\u0131 giri\u015fimleri \u00e7\u00f6kertildi. Bir\u00e7ok ter\u00f6ristin etkisiz olarak ele ge\u00e7irildi\u011fi \u00e7at\u0131\u015fmalarda sa\u011f kalan tekfirciler silahlar\u0131n\u0131 arkalar\u0131nda b\u0131rakarak ka\u00e7t\u0131lar. https:\/\/www.youtube.com\/watch?v=DK3wH3MxOEw R.H.<\/p>\n","protected":false},"author":1,"featured_media":55763,"comment_status":"closed","ping_status":"closed","sticky":false,"template":"","format":"standard","meta":{"footnotes":""},"categories":[596,575,17988],"tags":[18148],"class_list":["post-55762","post","type-post","status-publish","format-standard","has-post-thumbnail","","category-fotografli-raporlar","category-olaylar-ve-gercekler","category-son-haberler","tag-isidin-saldirisi-cokertildi-video"],"_links":{"self":[{"href":"https:\/\/archive.sana.sy\/tr\/index.php?rest_route=\/wp\/v2\/posts\/55762","targetHints":{"allow":["GET"]}}],"collection":[{"href":"https:\/\/archive.sana.sy\/tr\/index.php?rest_route=\/wp\/v2\/posts"}],"about":[{"href":"https:\/\/archive.sana.sy\/tr\/index.php?rest_route=\/wp\/v2\/types\/post"}],"author":[{"embeddable":true,"href":"https:\/\/archive.sana.sy\/tr\/index.php?rest_route=\/wp\/v2\/users\/1"}],"replies":[{"embeddable":true,"href":"https:\/\/archive.sana.sy\/tr\/index.php?rest_route=%2Fwp%2Fv2%2Fcomments&post=55762"}],"version-history":[{"count":0,"href":"https:\/\/archive.sana.sy\/tr\/index.php?rest_route=\/wp\/v2\/posts\/55762\/revisions"}],"wp:featuredmedia":[{"embeddable":true,"href":"https:\/\/archive.sana.sy\/tr\/index.php?rest_route=\/wp\/v2\/media\/55763"}],"wp:attachment":[{"href":"https:\/\/archive.sana.sy\/tr\/index.php?rest_route=%2Fwp%2Fv2%2Fmedia&parent=55762"}],"wp:term":[{"taxonomy":"category","embeddable":true,"href":"https:\/\/archive.sana.sy\/tr\/index.php?rest_route=%2Fwp%2Fv2%2Fcategories&post=55762"},{"taxonomy":"post_tag","embeddable":true,"href":"https:\/\/archive.sana.sy\/tr\/index.php?rest_route=%2Fwp%2Fv2%2Ftags&post=55762"}],"curies":[{"name":"wp","href":"https:\/\/api.w.org\/{rel}","templated":true}]}}