{"id":55765,"date":"2015-12-20T08:00:56","date_gmt":"2015-12-20T06:00:56","guid":{"rendered":"http:\/\/www.sana.sy\/tr\/?p=55765"},"modified":"2015-12-20T16:26:37","modified_gmt":"2015-12-20T14:26:37","slug":"nitelikli-ve-stratejik-ulusal-bir-projedir-video","status":"publish","type":"post","link":"https:\/\/archive.sana.sy\/tr\/?p=55765","title":{"rendered":"Nitelikli ve Stratejik Ulusal Bir Projedir (video)"},"content":{"rendered":"<p>\u015eAM \u2013 \u0130dari Kalk\u0131nma Bakanl\u0131\u011f\u0131 Suriye genelindeki idari reform s\u00fcreci kapsam\u0131nda bug\u00fcn idari y\u00f6netimde y\u00f6netim performans\u0131 program\u0131 ba\u015flatt\u0131.<\/p>\n<p>Bakan yard\u0131mc\u0131lar\u0131, genel m\u00fcd\u00fcrler merkez m\u00fcd\u00fcrleri ve bunlara tabi kurumlardaki idari y\u00f6neticilerin performanslar\u0131n\u0131 artt\u0131rma ama\u00e7l\u0131 program\u0131n ba\u015flat\u0131ld\u0131\u011f\u0131 etkinli\u011fe Ba\u015fbakan Vail el Halaki kat\u0131ld\u0131.<\/p>\n<p>Ba\u015fbakan Halaki yapt\u0131\u011f\u0131 konu\u015fmada idari kalk\u0131nman\u0131n nitelikli ve stratejik ulusal bir proje oldu\u011funu belirtti. Program ve idari reform s\u00fcrecinin b\u00fct\u00fcnsel olarak direk Cumhurba\u015fkan\u0131 Be\u015f\u015far el Esad\u2019\u0131n ilgilendi\u011fi bir proje oldu\u011funa dikkat \u00e7eken Halaki; y\u00f6netici ve y\u00f6netici ile kadro aras\u0131ndaki ili\u015fkilerin yan\u0131 s\u0131ra idari yasamalar\u0131n geli\u015ftirilmesinde nitelikli kalk\u0131nman\u0131n sa\u011flanmas\u0131n\u0131 ama\u00e7lad\u0131\u011f\u0131n\u0131 belirtti. Halaki idari y\u00f6neticiler ve kadrolar\u0131n davran\u0131\u015f ve y\u00f6ntemlerinin geli\u015ftirilmesinin de ama\u00e7land\u0131\u011f\u0131na i\u015faret ederken; b\u00f6ylelikle idari sekt\u00f6rde yolsuzluk, r\u00fc\u015fvet, ki\u015fisel \u00e7\u0131karlar ve kamu mallar\u0131n\u0131n heder olmas\u0131n\u0131 engellemekle birlikte kanunlar\u0131n d\u00fczg\u00fcn bir \u015fekilde uygulanmas\u0131n\u0131n hedeflendi\u011fini vurgulad\u0131.<\/p>\n<p>https:\/\/www.youtube.com\/watch?v=huTTrcSnqlk<\/p>\n<p>R.H.<\/p>\n","protected":false},"excerpt":{"rendered":"<p>\u015eAM \u2013 \u0130dari Kalk\u0131nma Bakanl\u0131\u011f\u0131 Suriye genelindeki idari reform s\u00fcreci kapsam\u0131nda bug\u00fcn idari y\u00f6netimde y\u00f6netim performans\u0131 program\u0131 ba\u015flatt\u0131. Bakan yard\u0131mc\u0131lar\u0131, genel m\u00fcd\u00fcrler merkez m\u00fcd\u00fcrleri ve bunlara tabi kurumlardaki idari y\u00f6neticilerin performanslar\u0131n\u0131 artt\u0131rma ama\u00e7l\u0131 program\u0131n ba\u015flat\u0131ld\u0131\u011f\u0131 etkinli\u011fe Ba\u015fbakan Vail el Halaki kat\u0131ld\u0131. Ba\u015fbakan Halaki yapt\u0131\u011f\u0131 konu\u015fmada idari kalk\u0131nman\u0131n nitelikli ve stratejik ulusal bir proje oldu\u011funu belirtti. &hellip;<\/p>\n","protected":false},"author":1,"featured_media":55766,"comment_status":"closed","ping_status":"closed","sticky":false,"template":"","format":"standard","meta":{"footnotes":""},"categories":[479,17988,478],"tags":[18149],"class_list":["post-55765","post","type-post","status-publish","format-standard","has-post-thumbnail","","category-haberler-yerel","category-son-haberler","category-yerel","tag-nitelikli-ve-stratejik-ulusal-bir-projedir-video"],"_links":{"self":[{"href":"https:\/\/archive.sana.sy\/tr\/index.php?rest_route=\/wp\/v2\/posts\/55765","targetHints":{"allow":["GET"]}}],"collection":[{"href":"https:\/\/archive.sana.sy\/tr\/index.php?rest_route=\/wp\/v2\/posts"}],"about":[{"href":"https:\/\/archive.sana.sy\/tr\/index.php?rest_route=\/wp\/v2\/types\/post"}],"author":[{"embeddable":true,"href":"https:\/\/archive.sana.sy\/tr\/index.php?rest_route=\/wp\/v2\/users\/1"}],"replies":[{"embeddable":true,"href":"https:\/\/archive.sana.sy\/tr\/index.php?rest_route=%2Fwp%2Fv2%2Fcomments&post=55765"}],"version-history":[{"count":0,"href":"https:\/\/archive.sana.sy\/tr\/index.php?rest_route=\/wp\/v2\/posts\/55765\/revisions"}],"wp:featuredmedia":[{"embeddable":true,"href":"https:\/\/archive.sana.sy\/tr\/index.php?rest_route=\/wp\/v2\/media\/55766"}],"wp:attachment":[{"href":"https:\/\/archive.sana.sy\/tr\/index.php?rest_route=%2Fwp%2Fv2%2Fmedia&parent=55765"}],"wp:term":[{"taxonomy":"category","embeddable":true,"href":"https:\/\/archive.sana.sy\/tr\/index.php?rest_route=%2Fwp%2Fv2%2Fcategories&post=55765"},{"taxonomy":"post_tag","embeddable":true,"href":"https:\/\/archive.sana.sy\/tr\/index.php?rest_route=%2Fwp%2Fv2%2Ftags&post=55765"}],"curies":[{"name":"wp","href":"https:\/\/api.w.org\/{rel}","templated":true}]}}