{"id":55770,"date":"2015-12-20T15:46:08","date_gmt":"2015-12-20T13:46:08","guid":{"rendered":"http:\/\/www.sana.sy\/tr\/?p=55770"},"modified":"2015-12-20T15:48:25","modified_gmt":"2015-12-20T13:48:25","slug":"esirlerin-kurmayi-dusman-saldirisinda-sehit-dustu","status":"publish","type":"post","link":"https:\/\/archive.sana.sy\/tr\/?p=55770","title":{"rendered":"Esirlerin Kurmay\u0131 D\u00fc\u015fman Sald\u0131r\u0131s\u0131nda \u015eehit D\u00fc\u015ft\u00fc"},"content":{"rendered":"<p>\u015eAM KIRSALI \u2013 Siyonist \u0130srail tutukevlerinde 30 y\u0131l kadar esaretten sonra 2008 y\u0131l\u0131nda serbest b\u0131rak\u0131lan ve \u2018esirlerin kurmay\u0131\u2019 olarak bilinen direni\u015f\u00e7i Semir Kuntar d\u00fcn gece Ceramana Semtinde \u015fehit oldu.<\/p>\n<p>SANA muhabiri Kuntar\u2019\u0131n, ter\u00f6rist d\u00fc\u015fman taraf\u0131ndan \u015eam k\u0131rsal\u0131 Ceramana Kasabas\u0131nda sivil bir binan\u0131n f\u00fczelerle hedef al\u0131nmas\u0131 sonucunda \u015fehit d\u00fc\u015ft\u00fc\u011f\u00fcn\u00fc aktard\u0131.<\/p>\n<p>SANA muhabiri Ceramana kasabas\u0131n\u0131n g\u00fcney kenarlar\u0131nda sivil bir yerls\u015fim alan\u0131n\u0131 hedef alan d\u00fc\u015fman sald\u0131r\u0131da kahraman Kuntar ile birlikte daha ba\u015fka vatanda\u015flar\u0131n da \u015fehit ve yaral\u0131 d\u00fc\u015ft\u00fcklerini ifade etti.<\/p>\n<p>L\u00fcbnan&#8217;\u0131n Aliye B\u00f6lgesinin Ebbih Beldesinde 1962 y\u0131l\u0131nda d\u00fcnyaya gelen Kuntar; L\u00fcbnan ulusal direni\u015f g\u00fc\u00e7lerinin bariz \u015fahsiyetlerinden biri say\u0131l\u0131yor. Kuntar 16 ya\u015flar\u0131nda siyonist i\u015fgale kar\u015f\u0131 direni\u015fini ba\u015flatmas\u0131yla 30 y\u0131l kadar i\u015fgal tutukevlerinde kalmas\u0131 ard\u0131ndan 2008 y\u0131l\u0131nda L\u00fcbnan direni\u015fi ile siyonist d\u00fc\u015fman aras\u0131nda yap\u0131lan esir de\u011fi\u015f toku\u015funda serbest b\u0131rak\u0131lm\u0131\u015ft\u0131.<\/p>\n<p><span style=\"color: #0000ff\">Halk Meclisi ve Bakanlar Konseyi D\u00fc\u015fman Sald\u0131r\u0131y\u0131 K\u0131nad\u0131<\/span><\/p>\n<p>Halk Meclisi ve Bakanlar Konseyi yay\u0131nlad\u0131klar\u0131 resmi beyanlarda d\u00fc\u015fman sald\u0131r\u0131y\u0131 \u015fiddetle k\u0131nad\u0131lar.<\/p>\n<p>Resmi beyanlarda Suriye&#8217;nin be\u015f y\u0131la yak\u0131n s\u00fcredir d\u0131\u015f g\u00fc\u00e7lerin patronajl\u0131\u011f\u0131nda maruz kald\u0131\u011f\u0131 ter\u00f6r\u00fcn siyonist tekfirci ter\u00f6rle bir oldu\u011funa dikkat \u00e7ekildi. B\u00f6lgesel ve evrensel kimi taraflar\u0131n siyonist \u0130srail&#8217;in b\u00f6lge halklar\u0131n\u0131n en b\u00fcy\u00fck d\u00fc\u015fman\u0131 oldu\u011fu ger\u00e7e\u011fini \u00f6rtbas etmeye \u00e7al\u0131\u015ft\u0131klar\u0131na dikkat \u00e7ekilen beyanlarda, kamuoylar\u0131n\u0131 kand\u0131ran ve halklar\u0131n\u0131 aldatan bu rejimlerin \u0130srail ve ter\u00f6r \u00e7etelerinin ortaklar\u0131 oldu\u011funun alt\u0131 \u00e7izildi.<\/p>\n<p>Meclis ve kabine beyanlar\u0131nda; \u015fehit kanlar\u0131n\u0131n Suriye ve halk\u0131n\u0131 egemenlik ve onurunu savunma kararl\u0131l\u0131klar\u0131n\u0131 peki\u015ftirece\u011fini vurgulad\u0131.<\/p>\n<p><span style=\"color: #0000ff\">Ayn\u0131 Hedefi Ta\u015f\u0131yor<\/span><\/p>\n<p>L\u00fcbnanl\u0131 el Menar Televizyonu ile telefon ba\u011flant\u0131s\u0131nda bulunan Enformasyon Bakan\u0131 Omran el Zoubi; Kuntar ve daha ba\u015fka vatanda\u015flar\u0131n \u015fehit yaral\u0131 d\u00fc\u015fmelerine yol a\u00e7an bu d\u00fc\u015fman sald\u0131r\u0131n\u0131n \u00f6nceden planlanm\u0131\u015f bir ter\u00f6r sald\u0131r\u0131s\u0131 oldu\u011funu belirtti.<\/p>\n<p>Bakan Zoubi d\u00fc\u015fman sald\u0131r\u0131n\u0131n mekanizmas\u0131n net bir \u015fekilde belirlenmesi amac\u0131yla y\u00fcksek d\u00fczeyde teknik bir soru\u015fturman\u0131n y\u00fcr\u00fct\u00fcld\u00fc\u011f\u00fcn\u00fc ifade etti. Kuntar\u2019\u0131n her daim \u0130srail ya da i\u015fbirlik\u00e7ileri taraf\u0131ndan hedef al\u0131naca\u011f\u0131 hislerinde oldu\u011funa i\u015faret eden Zoubi, bu hislerinde yan\u0131lmad\u0131\u011f\u0131n\u0131 s\u00f6yledi.<\/p>\n<p>Bakan Zoubi sonu\u00e7 itibar\u0131yla Suriye devleti, ordusu ve halk\u0131na sald\u0131ranlar\u0131n k\u00f6rfez \u015feyhlerinin paras\u0131yla y\u00fcr\u00fct\u00fclen siyonist proje \u00e7er\u00e7evesinde faaliyet g\u00f6sterdiklerini belirtti. T\u00fcm bunlar\u0131n siyonist projeye hizmet etti\u011fini ifade eden Zoubi; petrodolar \u015feyhleri, tekfirci ter\u00f6r \u00e7eteleri ve siyonist \u0130srail&#8217;in ayn\u0131 hedefi ta\u015f\u0131d\u0131klar\u0131n\u0131n alt\u0131n\u0131 \u00e7izdi.<\/p>\n<p>D\u00fc\u015fman \u0130srail&#8217;in Suriye&#8217;de tekfirci ter\u00f6re deste\u011finin herkes taraf\u0131ndan bilindi\u011fine dikkat \u00e7eken Zoubi; Suriye genelinde sivillere ek olarak Golan topraklar\u0131nda BM bar\u0131\u015f g\u00fc\u00e7lerine sald\u0131ran Kaide \u00d6rg\u00fct\u00fcn\u00fcn Suriye kolu Nusra Cephesine deste\u011finin kan\u0131tlarla tespit edilmi\u015f oldu\u011funu s\u00f6yledi.<\/p>\n<p>R.H.<\/p>\n","protected":false},"excerpt":{"rendered":"<p>\u015eAM KIRSALI \u2013 Siyonist \u0130srail tutukevlerinde 30 y\u0131l kadar esaretten sonra 2008 y\u0131l\u0131nda serbest b\u0131rak\u0131lan ve \u2018esirlerin kurmay\u0131\u2019 olarak bilinen direni\u015f\u00e7i Semir Kuntar d\u00fcn gece Ceramana Semtinde \u015fehit oldu. SANA muhabiri Kuntar\u2019\u0131n, ter\u00f6rist d\u00fc\u015fman taraf\u0131ndan \u015eam k\u0131rsal\u0131 Ceramana Kasabas\u0131nda sivil bir binan\u0131n f\u00fczelerle hedef al\u0131nmas\u0131 sonucunda \u015fehit d\u00fc\u015ft\u00fc\u011f\u00fcn\u00fc aktard\u0131. SANA muhabiri Ceramana kasabas\u0131n\u0131n g\u00fcney kenarlar\u0131nda &hellip;<\/p>\n","protected":false},"author":1,"featured_media":55771,"comment_status":"closed","ping_status":"closed","sticky":false,"template":"","format":"standard","meta":{"footnotes":""},"categories":[575,17988],"tags":[18150],"class_list":["post-55770","post","type-post","status-publish","format-standard","has-post-thumbnail","","category-olaylar-ve-gercekler","category-son-haberler","tag-esirlerin-kurmayi-dusman-saldirisinda-sehit-dustu"],"_links":{"self":[{"href":"https:\/\/archive.sana.sy\/tr\/index.php?rest_route=\/wp\/v2\/posts\/55770","targetHints":{"allow":["GET"]}}],"collection":[{"href":"https:\/\/archive.sana.sy\/tr\/index.php?rest_route=\/wp\/v2\/posts"}],"about":[{"href":"https:\/\/archive.sana.sy\/tr\/index.php?rest_route=\/wp\/v2\/types\/post"}],"author":[{"embeddable":true,"href":"https:\/\/archive.sana.sy\/tr\/index.php?rest_route=\/wp\/v2\/users\/1"}],"replies":[{"embeddable":true,"href":"https:\/\/archive.sana.sy\/tr\/index.php?rest_route=%2Fwp%2Fv2%2Fcomments&post=55770"}],"version-history":[{"count":0,"href":"https:\/\/archive.sana.sy\/tr\/index.php?rest_route=\/wp\/v2\/posts\/55770\/revisions"}],"wp:featuredmedia":[{"embeddable":true,"href":"https:\/\/archive.sana.sy\/tr\/index.php?rest_route=\/wp\/v2\/media\/55771"}],"wp:attachment":[{"href":"https:\/\/archive.sana.sy\/tr\/index.php?rest_route=%2Fwp%2Fv2%2Fmedia&parent=55770"}],"wp:term":[{"taxonomy":"category","embeddable":true,"href":"https:\/\/archive.sana.sy\/tr\/index.php?rest_route=%2Fwp%2Fv2%2Fcategories&post=55770"},{"taxonomy":"post_tag","embeddable":true,"href":"https:\/\/archive.sana.sy\/tr\/index.php?rest_route=%2Fwp%2Fv2%2Ftags&post=55770"}],"curies":[{"name":"wp","href":"https:\/\/api.w.org\/{rel}","templated":true}]}}